{"id":1753,"date":"2023-01-20T13:24:55","date_gmt":"2023-01-20T12:24:55","guid":{"rendered":"https:\/\/www.daniellespera.at\/?p=1753"},"modified":"2023-01-24T13:36:31","modified_gmt":"2023-01-24T12:36:31","slug":"barbara-karlich-buchklub","status":"publish","type":"post","link":"https:\/\/www.daniellespera.at\/en\/barbara-karlich-buchklub\/","title":{"rendered":"Recording Barbara Karlich Book Club"},"content":{"rendered":"<div data-elementor-type=\"wp-post\" data-elementor-id=\"1753\" class=\"elementor elementor-1753\">\n\t\t\t\t\t\t<section class=\"elementor-section elementor-top-section elementor-element elementor-element-5d12de41 elementor-section-boxed elementor-section-height-default elementor-section-height-default\" data-id=\"5d12de41\" data-element_type=\"section\" data-e-type=\"section\">\n\t\t\t\t\t\t<div class=\"elementor-container elementor-column-gap-default\">\n\t\t\t\t\t<div class=\"aux-parallax-section elementor-column elementor-col-100 elementor-top-column elementor-element elementor-element-8b19e7d\" data-id=\"8b19e7d\" data-element_type=\"column\" data-e-type=\"column\">\n\t\t\t<div class=\"elementor-widget-wrap elementor-element-populated\">\n\t\t\t\t\t\t<div class=\"elementor-element elementor-element-1dcd3022 elementor-widget elementor-widget-text-editor\" data-id=\"1dcd3022\" data-element_type=\"widget\" data-e-type=\"widget\" data-widget_type=\"text-editor.default\">\n\t\t\t\t<div class=\"elementor-widget-container\">\n\t\t\t\t\t\t\t\t\t<p>Every second week, the ORF journalist and talk show host on Radio Burgenland invites guests to talk about their favorite books. How have these books influenced their lives, which literary places have particularly touched them. I had the privilege of being a guest on the January 21 broadcast.  Thanks to the excellent preparation of my host, the three hours of the program seemed to pass particularly quickly. We discussed my two books \"100xAustria Judaism\" and \"Lechaim\" as well as various catalogs that I had produced for the Jewish Museum on the occasion of various exhibitions for which I was responsible or curated. Of my favorite books, the Radetzky March by Joseph Roth, \"A Story of Love and Darkness\" by Amos Oz, whom I so admire, \"Yesterday's World\" by Stefan Zweig, \"The Miracle of Survival\" by Ernst Lothar, \"The Art-Silk Girl\" by Irmgard Keun, and \"Fanny von Arnstein or Emancipation\" by Hilde Spiel were on our discussion program. I could talk about each of these books for many hours.<\/p><p><a href=\"https:\/\/sound.orf.at\/podcast\/bgl\/barbara-karlich-buchklub\/danielle-spera-zu-gast-im-barbara-karlich-buchklub\">Here is a link to the podcast of Barbara Karlich's program. (Accessible until 28.01.2023)<\/a> (Abrufbar bis zum 28.01.2023)<\/p><p><img fetchpriority=\"high\" decoding=\"async\" class=\"alignnone size-medium wp-image-1763\" src=\"https:\/\/www.daniellespera.at\/wp-content\/uploads\/2023\/01\/IMG_1627-1-300x300.jpg\" alt=\"\" width=\"300\" height=\"300\" srcset=\"https:\/\/www.daniellespera.at\/wp-content\/uploads\/2023\/01\/IMG_1627-1-300x300.jpg 300w, https:\/\/www.daniellespera.at\/wp-content\/uploads\/2023\/01\/IMG_1627-1-1024x1024.jpg 1024w, https:\/\/www.daniellespera.at\/wp-content\/uploads\/2023\/01\/IMG_1627-1-150x150.jpg 150w, https:\/\/www.daniellespera.at\/wp-content\/uploads\/2023\/01\/IMG_1627-1-768x768.jpg 768w\" sizes=\"(max-width: 300px) 100vw, 300px\" \/><\/p>\t\t\t\t\t\t\t\t<\/div>\n\t\t\t\t<\/div>\n\t\t\t\t\t<\/div>\n\t\t<\/div>\n\t\t\t\t\t<\/div>\n\t\t<\/section>\n\t\t\t\t<\/div>","protected":false},"excerpt":{"rendered":"<p>Jede zweite Woche l\u00e4dt die ORF Journalistin und Talkmoderatorin auf Radio Burgenland mit G\u00e4sten \u00fcber ihre Lieblingsb\u00fccher. Wie haben diese B\u00fccher ihr Leben beeinflusst, welche literarischen stellen haben sie besonders ber\u00fchrt. In der Sendung vom 21. J\u00e4nner durfte ich zu Gast sein.\u00a0 Dank der ausgezeichneten Vorbereitung meiner Gastgeberin schienen die drei Stunden der Sendung besonders [&hellip;]<\/p>\n","protected":false},"author":2,"featured_media":1764,"comment_status":"closed","ping_status":"closed","sticky":false,"template":"","format":"standard","meta":{"footnotes":""},"categories":[1,19,38],"tags":[28,12,37,39],"class_list":["post-1753","post","type-post","status-publish","format-standard","has-post-thumbnail","hentry","category-allgemein","category-sendungen","category-zu-gast","tag-bucher","tag-news","tag-radio","tag-sendungen"],"yoast_head":"<!-- This site is optimized with the Yoast SEO plugin v27.5 - https:\/\/yoast.com\/product\/yoast-seo-wordpress\/ -->\n<title>Danielle Spera - Aufzeichnung Barbara Karlich Buchklub<\/title>\n<meta name=\"robots\" content=\"index, follow, max-snippet:-1, max-image-preview:large, max-video-preview:-1\" \/>\n<link rel=\"canonical\" href=\"https:\/\/www.daniellespera.at\/en\/barbara-karlich-buchklub\/\" \/>\n<meta property=\"og:locale\" content=\"en_US\" \/>\n<meta property=\"og:type\" content=\"article\" \/>\n<meta property=\"og:title\" content=\"Danielle Spera - Aufzeichnung Barbara Karlich Buchklub\" \/>\n<meta property=\"og:description\" content=\"Jede zweite Woche l\u00e4dt die ORF Journalistin und Talkmoderatorin auf Radio Burgenland mit G\u00e4sten \u00fcber ihre Lieblingsb\u00fccher. Wie haben diese B\u00fccher ihr Leben beeinflusst, welche literarischen stellen haben sie besonders ber\u00fchrt. In der Sendung vom 21. J\u00e4nner durfte ich zu Gast sein.\u00a0 Dank der ausgezeichneten Vorbereitung meiner Gastgeberin schienen die drei Stunden der Sendung besonders [&hellip;]\" \/>\n<meta property=\"og:url\" content=\"https:\/\/www.daniellespera.at\/en\/barbara-karlich-buchklub\/\" \/>\n<meta property=\"og:site_name\" content=\"Danielle Spera\" \/>\n<meta property=\"article:published_time\" content=\"2023-01-20T12:24:55+00:00\" \/>\n<meta property=\"article:modified_time\" content=\"2023-01-24T12:36:31+00:00\" \/>\n<meta property=\"og:image\" content=\"https:\/\/www.daniellespera.at\/wp-content\/uploads\/2023\/01\/IMG_1629-1-scaled.jpg\" \/>\n\t<meta property=\"og:image:width\" content=\"1920\" \/>\n\t<meta property=\"og:image:height\" content=\"2560\" \/>\n\t<meta property=\"og:image:type\" content=\"image\/jpeg\" \/>\n<meta name=\"author\" content=\"Danielle Spera\" \/>\n<meta name=\"twitter:card\" content=\"summary_large_image\" \/>\n<meta name=\"twitter:creator\" content=\"@daniellespera\" \/>\n<meta name=\"twitter:site\" content=\"@daniellespera\" \/>\n<meta name=\"twitter:label1\" content=\"Written by\" \/>\n\t<meta name=\"twitter:data1\" content=\"Danielle Spera\" \/>\n\t<meta name=\"twitter:label2\" content=\"Est. reading time\" \/>\n\t<meta name=\"twitter:data2\" content=\"2 minutes\" \/>\n<script type=\"application\/ld+json\" class=\"yoast-schema-graph\">{\"@context\":\"https:\\\/\\\/schema.org\",\"@graph\":[{\"@type\":\"Article\",\"@id\":\"https:\\\/\\\/www.daniellespera.at\\\/barbara-karlich-buchklub\\\/#article\",\"isPartOf\":{\"@id\":\"https:\\\/\\\/www.daniellespera.at\\\/barbara-karlich-buchklub\\\/\"},\"author\":{\"name\":\"Danielle Spera\",\"@id\":\"https:\\\/\\\/www.daniellespera.at\\\/#\\\/schema\\\/person\\\/32fc96e7396e16ee31872bced4c27626\"},\"headline\":\"Aufzeichnung Barbara Karlich Buchklub\",\"datePublished\":\"2023-01-20T12:24:55+00:00\",\"dateModified\":\"2023-01-24T12:36:31+00:00\",\"mainEntityOfPage\":{\"@id\":\"https:\\\/\\\/www.daniellespera.at\\\/barbara-karlich-buchklub\\\/\"},\"wordCount\":184,\"publisher\":{\"@id\":\"https:\\\/\\\/www.daniellespera.at\\\/#\\\/schema\\\/person\\\/32fc96e7396e16ee31872bced4c27626\"},\"image\":{\"@id\":\"https:\\\/\\\/www.daniellespera.at\\\/barbara-karlich-buchklub\\\/#primaryimage\"},\"thumbnailUrl\":\"https:\\\/\\\/www.daniellespera.at\\\/wp-content\\\/uploads\\\/2023\\\/01\\\/IMG_1629-1-scaled.jpg\",\"keywords\":[\"B\u00fccher\",\"news\",\"Radio\",\"Sendungen\"],\"articleSection\":[\"Allgemein\",\"Sendungen\",\"Zu Gast\"],\"inLanguage\":\"en-US\"},{\"@type\":\"WebPage\",\"@id\":\"https:\\\/\\\/www.daniellespera.at\\\/barbara-karlich-buchklub\\\/\",\"url\":\"https:\\\/\\\/www.daniellespera.at\\\/barbara-karlich-buchklub\\\/\",\"name\":\"Danielle Spera - Aufzeichnung Barbara Karlich Buchklub\",\"isPartOf\":{\"@id\":\"https:\\\/\\\/www.daniellespera.at\\\/#website\"},\"primaryImageOfPage\":{\"@id\":\"https:\\\/\\\/www.daniellespera.at\\\/barbara-karlich-buchklub\\\/#primaryimage\"},\"image\":{\"@id\":\"https:\\\/\\\/www.daniellespera.at\\\/barbara-karlich-buchklub\\\/#primaryimage\"},\"thumbnailUrl\":\"https:\\\/\\\/www.daniellespera.at\\\/wp-content\\\/uploads\\\/2023\\\/01\\\/IMG_1629-1-scaled.jpg\",\"datePublished\":\"2023-01-20T12:24:55+00:00\",\"dateModified\":\"2023-01-24T12:36:31+00:00\",\"breadcrumb\":{\"@id\":\"https:\\\/\\\/www.daniellespera.at\\\/barbara-karlich-buchklub\\\/#breadcrumb\"},\"inLanguage\":\"en-US\",\"potentialAction\":[{\"@type\":\"ReadAction\",\"target\":[\"https:\\\/\\\/www.daniellespera.at\\\/barbara-karlich-buchklub\\\/\"]}]},{\"@type\":\"ImageObject\",\"inLanguage\":\"en-US\",\"@id\":\"https:\\\/\\\/www.daniellespera.at\\\/barbara-karlich-buchklub\\\/#primaryimage\",\"url\":\"https:\\\/\\\/www.daniellespera.at\\\/wp-content\\\/uploads\\\/2023\\\/01\\\/IMG_1629-1-scaled.jpg\",\"contentUrl\":\"https:\\\/\\\/www.daniellespera.at\\\/wp-content\\\/uploads\\\/2023\\\/01\\\/IMG_1629-1-scaled.jpg\",\"width\":1920,\"height\":2560},{\"@type\":\"BreadcrumbList\",\"@id\":\"https:\\\/\\\/www.daniellespera.at\\\/barbara-karlich-buchklub\\\/#breadcrumb\",\"itemListElement\":[{\"@type\":\"ListItem\",\"position\":1,\"name\":\"Home\",\"item\":\"https:\\\/\\\/www.daniellespera.at\\\/\"},{\"@type\":\"ListItem\",\"position\":2,\"name\":\"Aufzeichnung Barbara Karlich Buchklub\"}]},{\"@type\":\"WebSite\",\"@id\":\"https:\\\/\\\/www.daniellespera.at\\\/#website\",\"url\":\"https:\\\/\\\/www.daniellespera.at\\\/\",\"name\":\"Danielle Spera\",\"description\":\"\",\"publisher\":{\"@id\":\"https:\\\/\\\/www.daniellespera.at\\\/#\\\/schema\\\/person\\\/32fc96e7396e16ee31872bced4c27626\"},\"potentialAction\":[{\"@type\":\"SearchAction\",\"target\":{\"@type\":\"EntryPoint\",\"urlTemplate\":\"https:\\\/\\\/www.daniellespera.at\\\/?s={search_term_string}\"},\"query-input\":{\"@type\":\"PropertyValueSpecification\",\"valueRequired\":true,\"valueName\":\"search_term_string\"}}],\"inLanguage\":\"en-US\"},{\"@type\":[\"Person\",\"Organization\"],\"@id\":\"https:\\\/\\\/www.daniellespera.at\\\/#\\\/schema\\\/person\\\/32fc96e7396e16ee31872bced4c27626\",\"name\":\"Danielle Spera\",\"image\":{\"@type\":\"ImageObject\",\"inLanguage\":\"en-US\",\"@id\":\"https:\\\/\\\/www.daniellespera.at\\\/wp-content\\\/uploads\\\/2023\\\/05\\\/Danielle_Spera_c_Sima-Prodinger-1-scaled.jpg\",\"url\":\"https:\\\/\\\/www.daniellespera.at\\\/wp-content\\\/uploads\\\/2023\\\/05\\\/Danielle_Spera_c_Sima-Prodinger-1-scaled.jpg\",\"contentUrl\":\"https:\\\/\\\/www.daniellespera.at\\\/wp-content\\\/uploads\\\/2023\\\/05\\\/Danielle_Spera_c_Sima-Prodinger-1-scaled.jpg\",\"width\":1707,\"height\":2560,\"caption\":\"Danielle Spera\"},\"logo\":{\"@id\":\"https:\\\/\\\/www.daniellespera.at\\\/wp-content\\\/uploads\\\/2023\\\/05\\\/Danielle_Spera_c_Sima-Prodinger-1-scaled.jpg\"},\"sameAs\":[\"https:\\\/\\\/x.com\\\/daniellespera\"],\"url\":\"https:\\\/\\\/www.daniellespera.at\\\/en\\\/author\\\/daniellespera\\\/\"}]}<\/script>\n<!-- \/ Yoast SEO plugin. -->","yoast_head_json":{"title":"Danielle Spera - Aufzeichnung Barbara Karlich Buchklub","robots":{"index":"index","follow":"follow","max-snippet":"max-snippet:-1","max-image-preview":"max-image-preview:large","max-video-preview":"max-video-preview:-1"},"canonical":"https:\/\/www.daniellespera.at\/en\/barbara-karlich-buchklub\/","og_locale":"en_US","og_type":"article","og_title":"Danielle Spera - Aufzeichnung Barbara Karlich Buchklub","og_description":"Jede zweite Woche l\u00e4dt die ORF Journalistin und Talkmoderatorin auf Radio Burgenland mit G\u00e4sten \u00fcber ihre Lieblingsb\u00fccher. Wie haben diese B\u00fccher ihr Leben beeinflusst, welche literarischen stellen haben sie besonders ber\u00fchrt. In der Sendung vom 21. J\u00e4nner durfte ich zu Gast sein.\u00a0 Dank der ausgezeichneten Vorbereitung meiner Gastgeberin schienen die drei Stunden der Sendung besonders [&hellip;]","og_url":"https:\/\/www.daniellespera.at\/en\/barbara-karlich-buchklub\/","og_site_name":"Danielle Spera","article_published_time":"2023-01-20T12:24:55+00:00","article_modified_time":"2023-01-24T12:36:31+00:00","og_image":[{"width":1920,"height":2560,"url":"https:\/\/www.daniellespera.at\/wp-content\/uploads\/2023\/01\/IMG_1629-1-scaled.jpg","type":"image\/jpeg"}],"author":"Danielle Spera","twitter_card":"summary_large_image","twitter_creator":"@daniellespera","twitter_site":"@daniellespera","twitter_misc":{"Written by":"Danielle Spera","Est. reading time":"2 minutes"},"schema":{"@context":"https:\/\/schema.org","@graph":[{"@type":"Article","@id":"https:\/\/www.daniellespera.at\/barbara-karlich-buchklub\/#article","isPartOf":{"@id":"https:\/\/www.daniellespera.at\/barbara-karlich-buchklub\/"},"author":{"name":"Danielle Spera","@id":"https:\/\/www.daniellespera.at\/#\/schema\/person\/32fc96e7396e16ee31872bced4c27626"},"headline":"Aufzeichnung Barbara Karlich Buchklub","datePublished":"2023-01-20T12:24:55+00:00","dateModified":"2023-01-24T12:36:31+00:00","mainEntityOfPage":{"@id":"https:\/\/www.daniellespera.at\/barbara-karlich-buchklub\/"},"wordCount":184,"publisher":{"@id":"https:\/\/www.daniellespera.at\/#\/schema\/person\/32fc96e7396e16ee31872bced4c27626"},"image":{"@id":"https:\/\/www.daniellespera.at\/barbara-karlich-buchklub\/#primaryimage"},"thumbnailUrl":"https:\/\/www.daniellespera.at\/wp-content\/uploads\/2023\/01\/IMG_1629-1-scaled.jpg","keywords":["B\u00fccher","news","Radio","Sendungen"],"articleSection":["Allgemein","Sendungen","Zu Gast"],"inLanguage":"en-US"},{"@type":"WebPage","@id":"https:\/\/www.daniellespera.at\/barbara-karlich-buchklub\/","url":"https:\/\/www.daniellespera.at\/barbara-karlich-buchklub\/","name":"Danielle Spera - Aufzeichnung Barbara Karlich Buchklub","isPartOf":{"@id":"https:\/\/www.daniellespera.at\/#website"},"primaryImageOfPage":{"@id":"https:\/\/www.daniellespera.at\/barbara-karlich-buchklub\/#primaryimage"},"image":{"@id":"https:\/\/www.daniellespera.at\/barbara-karlich-buchklub\/#primaryimage"},"thumbnailUrl":"https:\/\/www.daniellespera.at\/wp-content\/uploads\/2023\/01\/IMG_1629-1-scaled.jpg","datePublished":"2023-01-20T12:24:55+00:00","dateModified":"2023-01-24T12:36:31+00:00","breadcrumb":{"@id":"https:\/\/www.daniellespera.at\/barbara-karlich-buchklub\/#breadcrumb"},"inLanguage":"en-US","potentialAction":[{"@type":"ReadAction","target":["https:\/\/www.daniellespera.at\/barbara-karlich-buchklub\/"]}]},{"@type":"ImageObject","inLanguage":"en-US","@id":"https:\/\/www.daniellespera.at\/barbara-karlich-buchklub\/#primaryimage","url":"https:\/\/www.daniellespera.at\/wp-content\/uploads\/2023\/01\/IMG_1629-1-scaled.jpg","contentUrl":"https:\/\/www.daniellespera.at\/wp-content\/uploads\/2023\/01\/IMG_1629-1-scaled.jpg","width":1920,"height":2560},{"@type":"BreadcrumbList","@id":"https:\/\/www.daniellespera.at\/barbara-karlich-buchklub\/#breadcrumb","itemListElement":[{"@type":"ListItem","position":1,"name":"Home","item":"https:\/\/www.daniellespera.at\/"},{"@type":"ListItem","position":2,"name":"Aufzeichnung Barbara Karlich Buchklub"}]},{"@type":"WebSite","@id":"https:\/\/www.daniellespera.at\/#website","url":"https:\/\/www.daniellespera.at\/","name":"Danielle Spera","description":"","publisher":{"@id":"https:\/\/www.daniellespera.at\/#\/schema\/person\/32fc96e7396e16ee31872bced4c27626"},"potentialAction":[{"@type":"SearchAction","target":{"@type":"EntryPoint","urlTemplate":"https:\/\/www.daniellespera.at\/?s={search_term_string}"},"query-input":{"@type":"PropertyValueSpecification","valueRequired":true,"valueName":"search_term_string"}}],"inLanguage":"en-US"},{"@type":["Person","Organization"],"@id":"https:\/\/www.daniellespera.at\/#\/schema\/person\/32fc96e7396e16ee31872bced4c27626","name":"Danielle Spera","image":{"@type":"ImageObject","inLanguage":"en-US","@id":"https:\/\/www.daniellespera.at\/wp-content\/uploads\/2023\/05\/Danielle_Spera_c_Sima-Prodinger-1-scaled.jpg","url":"https:\/\/www.daniellespera.at\/wp-content\/uploads\/2023\/05\/Danielle_Spera_c_Sima-Prodinger-1-scaled.jpg","contentUrl":"https:\/\/www.daniellespera.at\/wp-content\/uploads\/2023\/05\/Danielle_Spera_c_Sima-Prodinger-1-scaled.jpg","width":1707,"height":2560,"caption":"Danielle Spera"},"logo":{"@id":"https:\/\/www.daniellespera.at\/wp-content\/uploads\/2023\/05\/Danielle_Spera_c_Sima-Prodinger-1-scaled.jpg"},"sameAs":["https:\/\/x.com\/daniellespera"],"url":"https:\/\/www.daniellespera.at\/en\/author\/daniellespera\/"}]}},"_links":{"self":[{"href":"https:\/\/www.daniellespera.at\/en\/wp-json\/wp\/v2\/posts\/1753","targetHints":{"allow":["GET"]}}],"collection":[{"href":"https:\/\/www.daniellespera.at\/en\/wp-json\/wp\/v2\/posts"}],"about":[{"href":"https:\/\/www.daniellespera.at\/en\/wp-json\/wp\/v2\/types\/post"}],"author":[{"embeddable":true,"href":"https:\/\/www.daniellespera.at\/en\/wp-json\/wp\/v2\/users\/2"}],"replies":[{"embeddable":true,"href":"https:\/\/www.daniellespera.at\/en\/wp-json\/wp\/v2\/comments?post=1753"}],"version-history":[{"count":11,"href":"https:\/\/www.daniellespera.at\/en\/wp-json\/wp\/v2\/posts\/1753\/revisions"}],"predecessor-version":[{"id":1770,"href":"https:\/\/www.daniellespera.at\/en\/wp-json\/wp\/v2\/posts\/1753\/revisions\/1770"}],"wp:featuredmedia":[{"embeddable":true,"href":"https:\/\/www.daniellespera.at\/en\/wp-json\/wp\/v2\/media\/1764"}],"wp:attachment":[{"href":"https:\/\/www.daniellespera.at\/en\/wp-json\/wp\/v2\/media?parent=1753"}],"wp:term":[{"taxonomy":"category","embeddable":true,"href":"https:\/\/www.daniellespera.at\/en\/wp-json\/wp\/v2\/categories?post=1753"},{"taxonomy":"post_tag","embeddable":true,"href":"https:\/\/www.daniellespera.at\/en\/wp-json\/wp\/v2\/tags?post=1753"}],"curies":[{"name":"wp","href":"https:\/\/api.w.org\/{rel}","templated":true}]}}