{"id":2142,"date":"2023-04-19T12:12:51","date_gmt":"2023-04-19T10:12:51","guid":{"rendered":"https:\/\/www.daniellespera.at\/?p=2142"},"modified":"2023-05-25T12:16:48","modified_gmt":"2023-05-25T10:16:48","slug":"neue-aufgabe-im-zukunftsfonds","status":"publish","type":"post","link":"https:\/\/www.daniellespera.at\/en\/neue-aufgabe-im-zukunftsfonds\/","title":{"rendered":"Neue Aufgabe im Zukunftsfonds"},"content":{"rendered":"<div data-elementor-type=\"wp-post\" data-elementor-id=\"2142\" class=\"elementor elementor-2142\">\n\t\t\t\t\t\t<section class=\"elementor-section elementor-top-section elementor-element elementor-element-97d1f67 elementor-section-boxed elementor-section-height-default elementor-section-height-default\" data-id=\"97d1f67\" data-element_type=\"section\" data-e-type=\"section\">\n\t\t\t\t\t\t<div class=\"elementor-container elementor-column-gap-default\">\n\t\t\t\t\t<div class=\"aux-parallax-section elementor-column elementor-col-100 elementor-top-column elementor-element elementor-element-eda43c6\" data-id=\"eda43c6\" data-element_type=\"column\" data-e-type=\"column\">\n\t\t\t<div class=\"elementor-widget-wrap elementor-element-populated\">\n\t\t\t\t\t\t<div class=\"elementor-element elementor-element-7fc1dff elementor-widget elementor-widget-text-editor\" data-id=\"7fc1dff\" data-element_type=\"widget\" data-e-type=\"widget\" data-widget_type=\"text-editor.default\">\n\t\t\t\t<div class=\"elementor-widget-container\">\n\t\t\t\t\t\t\t\t\t<p>After I was nominated as a new member of the project funding advisory board by the board of trustees of the Austrian Future Fund in January 2023, the first meeting that I was authorized to attend took place in April. The Project Funding Advisory board now consists of Univ.-Prof.in Dr.in Margarete Grandner, Univ.-Prof. Dr Robert Pfaller, Univ.-Prof. Dr Manfried Rauchensteiner and me. I am grateful that I can be involved in the precise assessment of projects with my expertise and professionalism. Working with the Chair of the Board of Trustees, Prof. Herwig H\u00f6sele, and Secretary General, Mag.a Anita Dumfahrt, fills me with great joy.<\/p>\t\t\t\t\t\t\t\t<\/div>\n\t\t\t\t<\/div>\n\t\t\t\t\t<\/div>\n\t\t<\/div>\n\t\t\t\t\t<\/div>\n\t\t<\/section>\n\t\t\t\t<\/div>","protected":false},"excerpt":{"rendered":"<p>Nachdem ich im J\u00e4nner 2023 vom Kuratorium des Zukunftsfonds als neues Mitglied des Projektf\u00f6rderungsbeirates nominiert wurde, fand im April die erste Sitzung statt, an der ich teilnehmen durfte. Der Projektf\u00f6rderungsbeirat besteht nunmehr aus Univ.-Prof.in\u00a0Dr.in\u00a0Margarete Grandner, Univ.-Prof. Dr. Robert Pfaller, Univ.-Prof. Dr. Manfried Rauchensteiner und mir. Ich bin dankbar, dass ich mit meiner Expertise und Professionalit\u00e4t [&hellip;]<\/p>\n","protected":false},"author":2,"featured_media":2034,"comment_status":"closed","ping_status":"closed","sticky":false,"template":"","format":"standard","meta":{"footnotes":""},"categories":[78,82],"tags":[],"class_list":["post-2142","post","type-post","status-publish","format-standard","has-post-thumbnail","hentry","category-judentum","category-zukunftsfonds"],"yoast_head":"<!-- This site is optimized with the Yoast SEO plugin v27.5 - https:\/\/yoast.com\/product\/yoast-seo-wordpress\/ -->\n<title>Danielle Spera - Neue Aufgabe im Zukunftsfonds<\/title>\n<meta name=\"robots\" content=\"index, follow, max-snippet:-1, max-image-preview:large, max-video-preview:-1\" \/>\n<link rel=\"canonical\" href=\"https:\/\/www.daniellespera.at\/en\/neue-aufgabe-im-zukunftsfonds\/\" \/>\n<meta property=\"og:locale\" content=\"en_US\" \/>\n<meta property=\"og:type\" content=\"article\" \/>\n<meta property=\"og:title\" content=\"Danielle Spera - Neue Aufgabe im Zukunftsfonds\" \/>\n<meta property=\"og:description\" content=\"Nachdem ich im J\u00e4nner 2023 vom Kuratorium des Zukunftsfonds als neues Mitglied des Projektf\u00f6rderungsbeirates nominiert wurde, fand im April die erste Sitzung statt, an der ich teilnehmen durfte. Der Projektf\u00f6rderungsbeirat besteht nunmehr aus Univ.-Prof.in\u00a0Dr.in\u00a0Margarete Grandner, Univ.-Prof. Dr. Robert Pfaller, Univ.-Prof. Dr. Manfried Rauchensteiner und mir. Ich bin dankbar, dass ich mit meiner Expertise und Professionalit\u00e4t [&hellip;]\" \/>\n<meta property=\"og:url\" content=\"https:\/\/www.daniellespera.at\/en\/neue-aufgabe-im-zukunftsfonds\/\" \/>\n<meta property=\"og:site_name\" content=\"Danielle Spera\" \/>\n<meta property=\"article:published_time\" content=\"2023-04-19T10:12:51+00:00\" \/>\n<meta property=\"article:modified_time\" content=\"2023-05-25T10:16:48+00:00\" \/>\n<meta property=\"og:image\" content=\"https:\/\/www.daniellespera.at\/wp-content\/uploads\/2023\/03\/Danielle_Spera_c_Sima-Prodinger-2-scaled-e1679927897350.jpg\" \/>\n\t<meta property=\"og:image:width\" content=\"1695\" \/>\n\t<meta property=\"og:image:height\" content=\"1446\" \/>\n\t<meta property=\"og:image:type\" content=\"image\/jpeg\" \/>\n<meta name=\"author\" content=\"Danielle Spera\" \/>\n<meta name=\"twitter:card\" content=\"summary_large_image\" \/>\n<meta name=\"twitter:creator\" content=\"@daniellespera\" \/>\n<meta name=\"twitter:site\" content=\"@daniellespera\" \/>\n<meta name=\"twitter:label1\" content=\"Written by\" \/>\n\t<meta name=\"twitter:data1\" content=\"Danielle Spera\" \/>\n\t<meta name=\"twitter:label2\" content=\"Est. reading time\" \/>\n\t<meta name=\"twitter:data2\" content=\"1 minute\" \/>\n<script type=\"application\/ld+json\" class=\"yoast-schema-graph\">{\"@context\":\"https:\\\/\\\/schema.org\",\"@graph\":[{\"@type\":\"Article\",\"@id\":\"https:\\\/\\\/www.daniellespera.at\\\/neue-aufgabe-im-zukunftsfonds\\\/#article\",\"isPartOf\":{\"@id\":\"https:\\\/\\\/www.daniellespera.at\\\/neue-aufgabe-im-zukunftsfonds\\\/\"},\"author\":{\"name\":\"Danielle Spera\",\"@id\":\"https:\\\/\\\/www.daniellespera.at\\\/#\\\/schema\\\/person\\\/32fc96e7396e16ee31872bced4c27626\"},\"headline\":\"Neue Aufgabe im Zukunftsfonds\",\"datePublished\":\"2023-04-19T10:12:51+00:00\",\"dateModified\":\"2023-05-25T10:16:48+00:00\",\"mainEntityOfPage\":{\"@id\":\"https:\\\/\\\/www.daniellespera.at\\\/neue-aufgabe-im-zukunftsfonds\\\/\"},\"wordCount\":100,\"publisher\":{\"@id\":\"https:\\\/\\\/www.daniellespera.at\\\/#\\\/schema\\\/person\\\/32fc96e7396e16ee31872bced4c27626\"},\"image\":{\"@id\":\"https:\\\/\\\/www.daniellespera.at\\\/neue-aufgabe-im-zukunftsfonds\\\/#primaryimage\"},\"thumbnailUrl\":\"https:\\\/\\\/www.daniellespera.at\\\/wp-content\\\/uploads\\\/2023\\\/03\\\/Danielle_Spera_c_Sima-Prodinger-2-scaled-e1679927897350.jpg\",\"articleSection\":[\"Judentum\",\"Zukunftsfonds\"],\"inLanguage\":\"en-US\"},{\"@type\":\"WebPage\",\"@id\":\"https:\\\/\\\/www.daniellespera.at\\\/neue-aufgabe-im-zukunftsfonds\\\/\",\"url\":\"https:\\\/\\\/www.daniellespera.at\\\/neue-aufgabe-im-zukunftsfonds\\\/\",\"name\":\"Danielle Spera - Neue Aufgabe im Zukunftsfonds\",\"isPartOf\":{\"@id\":\"https:\\\/\\\/www.daniellespera.at\\\/#website\"},\"primaryImageOfPage\":{\"@id\":\"https:\\\/\\\/www.daniellespera.at\\\/neue-aufgabe-im-zukunftsfonds\\\/#primaryimage\"},\"image\":{\"@id\":\"https:\\\/\\\/www.daniellespera.at\\\/neue-aufgabe-im-zukunftsfonds\\\/#primaryimage\"},\"thumbnailUrl\":\"https:\\\/\\\/www.daniellespera.at\\\/wp-content\\\/uploads\\\/2023\\\/03\\\/Danielle_Spera_c_Sima-Prodinger-2-scaled-e1679927897350.jpg\",\"datePublished\":\"2023-04-19T10:12:51+00:00\",\"dateModified\":\"2023-05-25T10:16:48+00:00\",\"breadcrumb\":{\"@id\":\"https:\\\/\\\/www.daniellespera.at\\\/neue-aufgabe-im-zukunftsfonds\\\/#breadcrumb\"},\"inLanguage\":\"en-US\",\"potentialAction\":[{\"@type\":\"ReadAction\",\"target\":[\"https:\\\/\\\/www.daniellespera.at\\\/neue-aufgabe-im-zukunftsfonds\\\/\"]}]},{\"@type\":\"ImageObject\",\"inLanguage\":\"en-US\",\"@id\":\"https:\\\/\\\/www.daniellespera.at\\\/neue-aufgabe-im-zukunftsfonds\\\/#primaryimage\",\"url\":\"https:\\\/\\\/www.daniellespera.at\\\/wp-content\\\/uploads\\\/2023\\\/03\\\/Danielle_Spera_c_Sima-Prodinger-2-scaled-e1679927897350.jpg\",\"contentUrl\":\"https:\\\/\\\/www.daniellespera.at\\\/wp-content\\\/uploads\\\/2023\\\/03\\\/Danielle_Spera_c_Sima-Prodinger-2-scaled-e1679927897350.jpg\",\"width\":1695,\"height\":1446},{\"@type\":\"BreadcrumbList\",\"@id\":\"https:\\\/\\\/www.daniellespera.at\\\/neue-aufgabe-im-zukunftsfonds\\\/#breadcrumb\",\"itemListElement\":[{\"@type\":\"ListItem\",\"position\":1,\"name\":\"Home\",\"item\":\"https:\\\/\\\/www.daniellespera.at\\\/\"},{\"@type\":\"ListItem\",\"position\":2,\"name\":\"Neue Aufgabe im Zukunftsfonds\"}]},{\"@type\":\"WebSite\",\"@id\":\"https:\\\/\\\/www.daniellespera.at\\\/#website\",\"url\":\"https:\\\/\\\/www.daniellespera.at\\\/\",\"name\":\"Danielle Spera\",\"description\":\"\",\"publisher\":{\"@id\":\"https:\\\/\\\/www.daniellespera.at\\\/#\\\/schema\\\/person\\\/32fc96e7396e16ee31872bced4c27626\"},\"potentialAction\":[{\"@type\":\"SearchAction\",\"target\":{\"@type\":\"EntryPoint\",\"urlTemplate\":\"https:\\\/\\\/www.daniellespera.at\\\/?s={search_term_string}\"},\"query-input\":{\"@type\":\"PropertyValueSpecification\",\"valueRequired\":true,\"valueName\":\"search_term_string\"}}],\"inLanguage\":\"en-US\"},{\"@type\":[\"Person\",\"Organization\"],\"@id\":\"https:\\\/\\\/www.daniellespera.at\\\/#\\\/schema\\\/person\\\/32fc96e7396e16ee31872bced4c27626\",\"name\":\"Danielle Spera\",\"image\":{\"@type\":\"ImageObject\",\"inLanguage\":\"en-US\",\"@id\":\"https:\\\/\\\/www.daniellespera.at\\\/wp-content\\\/uploads\\\/2023\\\/05\\\/Danielle_Spera_c_Sima-Prodinger-1-scaled.jpg\",\"url\":\"https:\\\/\\\/www.daniellespera.at\\\/wp-content\\\/uploads\\\/2023\\\/05\\\/Danielle_Spera_c_Sima-Prodinger-1-scaled.jpg\",\"contentUrl\":\"https:\\\/\\\/www.daniellespera.at\\\/wp-content\\\/uploads\\\/2023\\\/05\\\/Danielle_Spera_c_Sima-Prodinger-1-scaled.jpg\",\"width\":1707,\"height\":2560,\"caption\":\"Danielle Spera\"},\"logo\":{\"@id\":\"https:\\\/\\\/www.daniellespera.at\\\/wp-content\\\/uploads\\\/2023\\\/05\\\/Danielle_Spera_c_Sima-Prodinger-1-scaled.jpg\"},\"sameAs\":[\"https:\\\/\\\/x.com\\\/daniellespera\"],\"url\":\"https:\\\/\\\/www.daniellespera.at\\\/en\\\/author\\\/daniellespera\\\/\"}]}<\/script>\n<!-- \/ Yoast SEO plugin. -->","yoast_head_json":{"title":"Danielle Spera - Neue Aufgabe im Zukunftsfonds","robots":{"index":"index","follow":"follow","max-snippet":"max-snippet:-1","max-image-preview":"max-image-preview:large","max-video-preview":"max-video-preview:-1"},"canonical":"https:\/\/www.daniellespera.at\/en\/neue-aufgabe-im-zukunftsfonds\/","og_locale":"en_US","og_type":"article","og_title":"Danielle Spera - Neue Aufgabe im Zukunftsfonds","og_description":"Nachdem ich im J\u00e4nner 2023 vom Kuratorium des Zukunftsfonds als neues Mitglied des Projektf\u00f6rderungsbeirates nominiert wurde, fand im April die erste Sitzung statt, an der ich teilnehmen durfte. Der Projektf\u00f6rderungsbeirat besteht nunmehr aus Univ.-Prof.in\u00a0Dr.in\u00a0Margarete Grandner, Univ.-Prof. Dr. Robert Pfaller, Univ.-Prof. Dr. Manfried Rauchensteiner und mir. Ich bin dankbar, dass ich mit meiner Expertise und Professionalit\u00e4t [&hellip;]","og_url":"https:\/\/www.daniellespera.at\/en\/neue-aufgabe-im-zukunftsfonds\/","og_site_name":"Danielle Spera","article_published_time":"2023-04-19T10:12:51+00:00","article_modified_time":"2023-05-25T10:16:48+00:00","og_image":[{"width":1695,"height":1446,"url":"https:\/\/www.daniellespera.at\/wp-content\/uploads\/2023\/03\/Danielle_Spera_c_Sima-Prodinger-2-scaled-e1679927897350.jpg","type":"image\/jpeg"}],"author":"Danielle Spera","twitter_card":"summary_large_image","twitter_creator":"@daniellespera","twitter_site":"@daniellespera","twitter_misc":{"Written by":"Danielle Spera","Est. reading time":"1 minute"},"schema":{"@context":"https:\/\/schema.org","@graph":[{"@type":"Article","@id":"https:\/\/www.daniellespera.at\/neue-aufgabe-im-zukunftsfonds\/#article","isPartOf":{"@id":"https:\/\/www.daniellespera.at\/neue-aufgabe-im-zukunftsfonds\/"},"author":{"name":"Danielle Spera","@id":"https:\/\/www.daniellespera.at\/#\/schema\/person\/32fc96e7396e16ee31872bced4c27626"},"headline":"Neue Aufgabe im Zukunftsfonds","datePublished":"2023-04-19T10:12:51+00:00","dateModified":"2023-05-25T10:16:48+00:00","mainEntityOfPage":{"@id":"https:\/\/www.daniellespera.at\/neue-aufgabe-im-zukunftsfonds\/"},"wordCount":100,"publisher":{"@id":"https:\/\/www.daniellespera.at\/#\/schema\/person\/32fc96e7396e16ee31872bced4c27626"},"image":{"@id":"https:\/\/www.daniellespera.at\/neue-aufgabe-im-zukunftsfonds\/#primaryimage"},"thumbnailUrl":"https:\/\/www.daniellespera.at\/wp-content\/uploads\/2023\/03\/Danielle_Spera_c_Sima-Prodinger-2-scaled-e1679927897350.jpg","articleSection":["Judentum","Zukunftsfonds"],"inLanguage":"en-US"},{"@type":"WebPage","@id":"https:\/\/www.daniellespera.at\/neue-aufgabe-im-zukunftsfonds\/","url":"https:\/\/www.daniellespera.at\/neue-aufgabe-im-zukunftsfonds\/","name":"Danielle Spera - Neue Aufgabe im Zukunftsfonds","isPartOf":{"@id":"https:\/\/www.daniellespera.at\/#website"},"primaryImageOfPage":{"@id":"https:\/\/www.daniellespera.at\/neue-aufgabe-im-zukunftsfonds\/#primaryimage"},"image":{"@id":"https:\/\/www.daniellespera.at\/neue-aufgabe-im-zukunftsfonds\/#primaryimage"},"thumbnailUrl":"https:\/\/www.daniellespera.at\/wp-content\/uploads\/2023\/03\/Danielle_Spera_c_Sima-Prodinger-2-scaled-e1679927897350.jpg","datePublished":"2023-04-19T10:12:51+00:00","dateModified":"2023-05-25T10:16:48+00:00","breadcrumb":{"@id":"https:\/\/www.daniellespera.at\/neue-aufgabe-im-zukunftsfonds\/#breadcrumb"},"inLanguage":"en-US","potentialAction":[{"@type":"ReadAction","target":["https:\/\/www.daniellespera.at\/neue-aufgabe-im-zukunftsfonds\/"]}]},{"@type":"ImageObject","inLanguage":"en-US","@id":"https:\/\/www.daniellespera.at\/neue-aufgabe-im-zukunftsfonds\/#primaryimage","url":"https:\/\/www.daniellespera.at\/wp-content\/uploads\/2023\/03\/Danielle_Spera_c_Sima-Prodinger-2-scaled-e1679927897350.jpg","contentUrl":"https:\/\/www.daniellespera.at\/wp-content\/uploads\/2023\/03\/Danielle_Spera_c_Sima-Prodinger-2-scaled-e1679927897350.jpg","width":1695,"height":1446},{"@type":"BreadcrumbList","@id":"https:\/\/www.daniellespera.at\/neue-aufgabe-im-zukunftsfonds\/#breadcrumb","itemListElement":[{"@type":"ListItem","position":1,"name":"Home","item":"https:\/\/www.daniellespera.at\/"},{"@type":"ListItem","position":2,"name":"Neue Aufgabe im Zukunftsfonds"}]},{"@type":"WebSite","@id":"https:\/\/www.daniellespera.at\/#website","url":"https:\/\/www.daniellespera.at\/","name":"Danielle Spera","description":"","publisher":{"@id":"https:\/\/www.daniellespera.at\/#\/schema\/person\/32fc96e7396e16ee31872bced4c27626"},"potentialAction":[{"@type":"SearchAction","target":{"@type":"EntryPoint","urlTemplate":"https:\/\/www.daniellespera.at\/?s={search_term_string}"},"query-input":{"@type":"PropertyValueSpecification","valueRequired":true,"valueName":"search_term_string"}}],"inLanguage":"en-US"},{"@type":["Person","Organization"],"@id":"https:\/\/www.daniellespera.at\/#\/schema\/person\/32fc96e7396e16ee31872bced4c27626","name":"Danielle Spera","image":{"@type":"ImageObject","inLanguage":"en-US","@id":"https:\/\/www.daniellespera.at\/wp-content\/uploads\/2023\/05\/Danielle_Spera_c_Sima-Prodinger-1-scaled.jpg","url":"https:\/\/www.daniellespera.at\/wp-content\/uploads\/2023\/05\/Danielle_Spera_c_Sima-Prodinger-1-scaled.jpg","contentUrl":"https:\/\/www.daniellespera.at\/wp-content\/uploads\/2023\/05\/Danielle_Spera_c_Sima-Prodinger-1-scaled.jpg","width":1707,"height":2560,"caption":"Danielle Spera"},"logo":{"@id":"https:\/\/www.daniellespera.at\/wp-content\/uploads\/2023\/05\/Danielle_Spera_c_Sima-Prodinger-1-scaled.jpg"},"sameAs":["https:\/\/x.com\/daniellespera"],"url":"https:\/\/www.daniellespera.at\/en\/author\/daniellespera\/"}]}},"_links":{"self":[{"href":"https:\/\/www.daniellespera.at\/en\/wp-json\/wp\/v2\/posts\/2142","targetHints":{"allow":["GET"]}}],"collection":[{"href":"https:\/\/www.daniellespera.at\/en\/wp-json\/wp\/v2\/posts"}],"about":[{"href":"https:\/\/www.daniellespera.at\/en\/wp-json\/wp\/v2\/types\/post"}],"author":[{"embeddable":true,"href":"https:\/\/www.daniellespera.at\/en\/wp-json\/wp\/v2\/users\/2"}],"replies":[{"embeddable":true,"href":"https:\/\/www.daniellespera.at\/en\/wp-json\/wp\/v2\/comments?post=2142"}],"version-history":[{"count":4,"href":"https:\/\/www.daniellespera.at\/en\/wp-json\/wp\/v2\/posts\/2142\/revisions"}],"predecessor-version":[{"id":2148,"href":"https:\/\/www.daniellespera.at\/en\/wp-json\/wp\/v2\/posts\/2142\/revisions\/2148"}],"wp:featuredmedia":[{"embeddable":true,"href":"https:\/\/www.daniellespera.at\/en\/wp-json\/wp\/v2\/media\/2034"}],"wp:attachment":[{"href":"https:\/\/www.daniellespera.at\/en\/wp-json\/wp\/v2\/media?parent=2142"}],"wp:term":[{"taxonomy":"category","embeddable":true,"href":"https:\/\/www.daniellespera.at\/en\/wp-json\/wp\/v2\/categories?post=2142"},{"taxonomy":"post_tag","embeddable":true,"href":"https:\/\/www.daniellespera.at\/en\/wp-json\/wp\/v2\/tags?post=2142"}],"curies":[{"name":"wp","href":"https:\/\/api.w.org\/{rel}","templated":true}]}}