{"id":249,"date":"2022-09-11T12:15:43","date_gmt":"2022-09-11T10:15:43","guid":{"rendered":"https:\/\/daniellespera.vbox36.braintrust.at\/whatsapp-shared-technical-jargon-with-govt-agency-didnt\/"},"modified":"2026-01-07T16:33:15","modified_gmt":"2026-01-07T15:33:15","slug":"meine-buecher","status":"publish","type":"post","link":"https:\/\/www.daniellespera.at\/en\/meine-buecher\/","title":{"rendered":"My books"},"content":{"rendered":"<div data-elementor-type=\"wp-post\" data-elementor-id=\"249\" class=\"elementor elementor-249\">\n\t\t\t\t\t\t<section class=\"elementor-section elementor-top-section elementor-element elementor-element-6c5ac311 elementor-section-boxed elementor-section-height-default elementor-section-height-default\" data-id=\"6c5ac311\" data-element_type=\"section\" data-e-type=\"section\">\n\t\t\t\t\t\t<div class=\"elementor-container elementor-column-gap-default\">\n\t\t\t\t\t<div class=\"aux-parallax-section elementor-column elementor-col-100 elementor-top-column elementor-element elementor-element-52499ced\" data-id=\"52499ced\" data-element_type=\"column\" data-e-type=\"column\">\n\t\t\t<div class=\"elementor-widget-wrap elementor-element-populated\">\n\t\t\t\t\t\t<div class=\"elementor-element elementor-element-64c7edfa elementor-widget elementor-widget-text-editor\" data-id=\"64c7edfa\" data-element_type=\"widget\" data-e-type=\"widget\" data-widget_type=\"text-editor.default\">\n\t\t\t\t<div class=\"elementor-widget-container\">\n\t\t\t\t\t\t\t\t\t<p>In addition to many books that I have written for the Jewish Museum Vienna, a book that I published in spring 2022 is dedicated to Jewish life. \u201cLe Chaim\u201d. In this very personal journey through the Jewish year, you can find out why the Jewish New Year is celebrated in the fall, why disciples spend their time in a Sukkah on Sukkot, or why people stomp their feet loudly in the synagogue on a certain holiday. They wanted to kill us. We won. Let's eat! This not-too-serious motto hovers over many Jewish holidays. Most of them are reminiscent of incisive events in Jewish history - but nevertheless celebrated with joy and enjoyment. In my book \u201c100x Austria-Judaism\u201d you will find 100 stories, places, personalities that carry a Jewish narrative which is widely unknown from the Ferries Wheel to the one of Austria\u00b4s most prominent churches or Schoenbrunn castle.<\/p>\n<p>\u00a0<\/p>\n<p><span style=\"text-decoration: underline;\">Selected publications:<\/span><\/p>\n<p>Bewegte Zeiten &#8211; Erinnern f\u00fcr die Zukunft. 1945-2025 (Hg.), Wien 2025<\/p>\n<p>Wenn nicht jetzt, wann dann? Ein Gespr\u00e4ch \u00fcber Judentum und Islam, Wien 2024<\/p>\n<p>Stammg\u00e4ste. J\u00fcdinnen und Juden am Semmering (Hg.), Wien 2024<\/p>\n<p>Wie ein j\u00fcngerer Bruder. Ein Gespr\u00e4ch \u00fcber Judentum und Christentum. Wien 2023<\/p>\n<p><!-- \/wp:paragraph --><\/p>\n<p><!-- wp:paragraph --><\/p>\n<p>Vor der Ausstellung. Prologe. Wien 2022<\/p>\n<p><!-- \/wp:paragraph --><\/p>\n<p><!-- wp:paragraph --><\/p>\n<p>Ein Buch f\u00fcr Lilli Bial. Wien 2022 (gemeinsam mit Hannah Landsmann)<\/p>\n<p><!-- \/wp:paragraph --><\/p>\n<p><!-- wp:paragraph --><\/p>\n<p>LeChaim. Mit Danielle Spera durch das J\u00fcdische Jahr, Wien 2022<\/p>\n<p><!-- \/wp:paragraph --><\/p>\n<p><!-- wp:paragraph --><\/p>\n<p>Love me Kosher, Wien 2022 (gemeinsam mit Daniela Pscheiden und Julia Windegger)<\/p>\n<p><!-- \/wp:paragraph --><\/p>\n<p><!-- wp:paragraph --><\/p>\n<p>Eine (un-)erfreuliche Reise. Stefan Edlis\u00b4 Leben nach IHM, Wien 2022 (in Zusammenarbeit mit Michaela Vocelka)<\/p>\n<p><!-- \/wp:paragraph --><\/p>\n<p><!-- wp:paragraph --><\/p>\n<p>Rendezvous in Wien, Wien 2022 (gemeinsam mit Astrid Peterle)<\/p>\n<p><!-- \/wp:paragraph --><\/p>\n<p><!-- wp:paragraph --><\/p>\n<p>100x \u00d6sterreich \u2013 Judentum, Wien 2020<\/p>\n<p><!-- \/wp:paragraph --><\/p>\n<p><!-- wp:paragraph --><\/p>\n<p>Unser Mittelalter. Die erste j\u00fcdische Gemeinde in Wien (gemeinsam mit Astrid Peterle, Adina Seeger, Domagoj Akrap)<\/p>\n<p><!-- \/wp:paragraph --><\/p>\n<p><!-- wp:paragraph --><\/p>\n<p>Die Zukunft der Erinnerung. J\u00fcdische Museen und die Shoah im 21. Jahrhundert. Wiener Jahrbuch f\u00fcr j\u00fcdische Geschichte, Kultur und Museumswesen, Band 12-2019\/20 (gemeinsam mit Astrid Peterle).<\/p>\n<p><!-- \/wp:paragraph --><\/p>\n<p><!-- wp:paragraph --><\/p>\n<p>Herzls T\u00f6chter. Wien 2020 (gemeinsam mit Julia Windegger)<\/p>\n<p><!-- \/wp:paragraph --><\/p>\n<p><!-- wp:paragraph --><\/p>\n<p>Die Wiener in China. Fluchtpunkt Shanghai. Wien 2020<\/p>\n<p><!-- \/wp:paragraph --><\/p>\n<p><!-- wp:paragraph --><\/p>\n<p>Wir bitten zum Tanz. Der Cafetier Otto Pollak. Wien 2020<\/p>\n<p><!-- \/wp:paragraph --><\/p>\n<p><!-- wp:paragraph --><\/p>\n<p>Arik Brauer. Alle meine K\u00fcnste. Wien 2019.<\/p>\n<p><!-- \/wp:paragraph --><\/p>\n<p><!-- wp:paragraph --><\/p>\n<p>Hermann Nitsch. Leben und Arbeit. Wien 1999, 2005 und 2018.<\/p>\n<p><!-- \/wp:paragraph --><\/p>\n<p><!-- wp:paragraph --><\/p>\n<p>Displaced in \u00d6sterreich. J\u00fcdische Fl\u00fcchtlinge seit 1945. Wiener Jahrbuch f\u00fcr j\u00fcdische Geschichte, Kultur und Museumswesen, Band 11 \u2013 2015\/16 (gemeinsam mit Werner Hanak-Lettner).<\/p>\n<p><!-- \/wp:paragraph --><\/p>\n<p><!-- wp:paragraph --><\/p>\n<p>Horowitz. 50 Jahre Menschenbilder. Wien 2016.<\/p>\n<p><!-- \/wp:paragraph --><\/p>\n<p><!-- wp:paragraph --><\/p>\n<p>Wiener Synagogen. Ein Memory. Wien 2016. (gemeinsam mit Bob Martens, Herbert Peter und Werner Hanak-Lettner).<\/p>\n<p><!-- \/wp:paragraph --><\/p>\n<p><!-- wp:paragraph --><\/p>\n<p>Unterwegs mit Victoria Blitz. (gemeinsam mit Hannah Landsmann) Wien 2016.<\/p>\n<p><!-- \/wp:paragraph --><\/p>\n<p><!-- wp:paragraph --><\/p>\n<p>Wiesenthal in Wien. Wien 2015.<\/p>\n<p><!-- \/wp:paragraph --><\/p>\n<p><!-- wp:paragraph --><\/p>\n<p>Lessing zeigt Lessing. Wien 2015.<\/p>\n<p><!-- \/wp:paragraph --><\/p>\n<p><!-- wp:paragraph --><\/p>\n<p>Maya Zack. The Shabbat Room. Wien 2014. (gemeinsam mit Dr. Werner Hanak-Lettner).<\/p>\n<p><!-- \/wp:paragraph --><\/p>\n<p><!-- wp:paragraph --><\/p>\n<p>Das S\u00fcdbahnhotel. Am Zauberberg der Abwesenheit. Fotografien\u00a0 von Yvonne Oswald. Wien 2014.<\/p>\n<p><!-- \/wp:paragraph --><\/p>\n<p><!-- wp:paragraph --><\/p>\n<p>J\u00fcdische Museen zwischen gestern und morgen. Reflexionen aus involvierter Au\u00dfenperspektive. Wiener Jahrbuch f\u00fcr j\u00fcdische Geschichte, Kultur und Museumswesen, Band 10-2013\/14 (gemeinsam mit Werner Hanak-Lettner).<\/p>\n<p><!-- \/wp:paragraph --><\/p>\n<p><!-- wp:paragraph --><\/p>\n<p>Unsere Stadt! J\u00fcdisches Wien bis heute. Wien 2013 (gemeinsam mit Werner Hanak-Lettner).<\/p>\n<p><!-- \/wp:paragraph --><\/p>\n<p><!-- wp:paragraph --><\/p>\n<p>A Good Day. Installation Andrew M. Mezvinsky. Wien 2013.<\/p>\n<p><!-- \/wp:paragraph --><\/p>\n<p><!-- wp:paragraph --><\/p>\n<p>TATIANA LECOMTE \u05e6\u05dc\u05dd \u05d5\u05e6\u05d9\u05dc\u05d5\u05dd. Wien 2013.<\/p>\n<p><!-- \/wp:paragraph --><\/p>\n<p><!-- wp:paragraph --><\/p>\n<p>meeting: jedermann. rabinovich revisited. Wien 2013.<\/p>\n<p><!-- \/wp:paragraph --><\/p>\n<p><!-- wp:paragraph --><\/p>\n<p>Muzeon. Wien 2012.<\/p>\n<p><!-- \/wp:paragraph --><\/p>\n<p><!-- wp:paragraph --><\/p>\n<p>J\u00fcdische Genies. Warhols Juden. Wien 2012<\/p>\n<p><!-- \/wp:paragraph --><\/p>\n<p><!-- wp:paragraph --><\/p>\n<div style=\"font-family: 'Segoe UI', 'Lucida Sans', sans-serif; font-size: 14.16px;\">\u00a0<\/div>\n<p><!-- \/wp:paragraph --><\/p>\t\t\t\t\t\t\t\t<\/div>\n\t\t\t\t<\/div>\n\t\t\t\t\t<\/div>\n\t\t<\/div>\n\t\t\t\t\t<\/div>\n\t\t<\/section>\n\t\t\t\t<section class=\"elementor-section elementor-top-section elementor-element elementor-element-1c4d62f elementor-section-boxed elementor-section-height-default elementor-section-height-default\" data-id=\"1c4d62f\" data-element_type=\"section\" data-e-type=\"section\">\n\t\t\t\t\t\t<div class=\"elementor-container elementor-column-gap-default\">\n\t\t\t\t\t<div class=\"aux-parallax-section elementor-column elementor-col-100 elementor-top-column elementor-element elementor-element-fab1a16\" data-id=\"fab1a16\" data-element_type=\"column\" data-e-type=\"column\">\n\t\t\t<div class=\"elementor-widget-wrap elementor-element-populated\">\n\t\t\t\t\t\t<div class=\"elementor-element elementor-element-ef58b00 elementor-widget elementor-widget-text-editor\" data-id=\"ef58b00\" data-element_type=\"widget\" data-e-type=\"widget\" data-widget_type=\"text-editor.default\">\n\t\t\t\t<div class=\"elementor-widget-container\">\n\t\t\t\t\t\t\t\t\t<p><a href=\"https:\/\/www.daniellespera.at\/wp-content\/uploads\/2023\/12\/Pressespiegel-Wien-ein-juengerer-Bruder.pdf\">Pressespiegel Wie ein j\u00fcngerer Bruder<\/a><\/p>\t\t\t\t\t\t\t\t<\/div>\n\t\t\t\t<\/div>\n\t\t\t\t\t<\/div>\n\t\t<\/div>\n\t\t\t\t\t<\/div>\n\t\t<\/section>\n\t\t\t\t<section class=\"elementor-section elementor-top-section elementor-element elementor-element-fad2760 elementor-section-boxed elementor-section-height-default elementor-section-height-default\" data-id=\"fad2760\" data-element_type=\"section\" data-e-type=\"section\">\n\t\t\t\t\t\t<div class=\"elementor-container elementor-column-gap-default\">\n\t\t\t\t\t<div class=\"aux-parallax-section elementor-column elementor-col-50 elementor-top-column elementor-element elementor-element-7ca541e\" data-id=\"7ca541e\" data-element_type=\"column\" data-e-type=\"column\">\n\t\t\t<div class=\"elementor-widget-wrap elementor-element-populated\">\n\t\t\t\t\t\t<div class=\"elementor-element elementor-element-323bf91 elementor-widget elementor-widget-image\" data-id=\"323bf91\" data-element_type=\"widget\" data-e-type=\"widget\" data-widget_type=\"image.default\">\n\t\t\t\t<div class=\"elementor-widget-container\">\n\t\t\t\t\t\t\t\t\t\t\t\t\t\t\t<img fetchpriority=\"high\" decoding=\"async\" width=\"1195\" height=\"1536\" src=\"https:\/\/www.daniellespera.at\/wp-content\/uploads\/2022\/09\/Cover_BewegteZeiten_neu-scaled-1-1195x1536.jpg\" class=\"attachment-1536x1536 size-1536x1536 wp-image-3414\" alt=\"\" srcset=\"https:\/\/www.daniellespera.at\/wp-content\/uploads\/2022\/09\/Cover_BewegteZeiten_neu-scaled-1-1195x1536.jpg 1195w, https:\/\/www.daniellespera.at\/wp-content\/uploads\/2022\/09\/Cover_BewegteZeiten_neu-scaled-1-1593x2048.jpg 1593w, https:\/\/www.daniellespera.at\/wp-content\/uploads\/2022\/09\/Cover_BewegteZeiten_neu-scaled-1-9x12.jpg 9w, https:\/\/www.daniellespera.at\/wp-content\/uploads\/2022\/09\/Cover_BewegteZeiten_neu-scaled-1.jpg 1991w\" sizes=\"(max-width: 1195px) 100vw, 1195px\" \/>\t\t\t\t\t\t\t\t\t\t\t\t\t\t\t<\/div>\n\t\t\t\t<\/div>\n\t\t\t\t\t<\/div>\n\t\t<\/div>\n\t\t\t\t<div class=\"aux-parallax-section elementor-column elementor-col-50 elementor-top-column elementor-element elementor-element-8d87a3e\" data-id=\"8d87a3e\" data-element_type=\"column\" data-e-type=\"column\">\n\t\t\t<div class=\"elementor-widget-wrap elementor-element-populated\">\n\t\t\t\t\t\t<div class=\"elementor-element elementor-element-968f5f8 elementor-widget elementor-widget-text-editor\" data-id=\"968f5f8\" data-element_type=\"widget\" data-e-type=\"widget\" data-widget_type=\"text-editor.default\">\n\t\t\t\t<div class=\"elementor-widget-container\">\n\t\t\t\t\t\t\t\t\t<p class=\"p1\"><strong>1945, 1955, 1995, 2015, 2025<\/strong><\/p>\n<p class=\"p1\">80 Jahre nach Ende des Zweiten Weltkriegs gibt es noch kein Werk, das die pr\u00e4genden Phasen der \u00f6sterreichischen Nachkriegsgeschichte miteinander verbindet. Die Schlu\u0308sseljahre 1945, 1955, 1995 und 2015, Kriegsende, Staatsvertrag, EU-Beitritt und Flu\u0308chtlingskrise, markieren entscheidende Wendepunkte. Dieses Buch behandelt die aus ihnen entstehenden Entwicklungen in fundierten historischen Analysen \u2013 mit Fokus auch auf Nieder\u00f6sterreich \u2013 und wirft einen Blick in die unmittelbare Zukunft. Diese Zeitreise wird von Interviews mit etwa zwanzig Zeitzeug:innen begleitet, u. a. Renate Welsh, Wolfgang Schu\u0308ssel, Brigitte Ederer, Franz Vranitzky, Gunnar Prokop, Erwin Wurm oder Rita Nitsch. Mit Beitr\u00e4gen von Barbara Stelzl-Marx, Cornelia Travnicek, Paulus Hochgatterer, Stefan Karner, Christian Rapp, Gerhard Jelinek und Tristan Horx. Eine Einleitung von LH Johanna Mikl-Leitner, das Vorwort der Herausgeberin Danielle Spera, historisches Bildmaterial und aktuelle Fotos von Ouriel Morgensztern runden die Publikation ab.<\/p>\n<p><strong>ISBN-13:<\/strong>\u00a0978-3-99050-294-5<br \/><strong>Erscheinungsdatum:<\/strong>\u00a023.10.2025<br \/><strong>Sonstiges:<\/strong>\u00a0mit zahlreichen Abbildungen, durchgehend vierfarbig, 272 Seiten<br \/><strong>Kategorien:<\/strong>\u00a0Geschichte, Gesellschaft &amp; Aktuelles<\/p>\t\t\t\t\t\t\t\t<\/div>\n\t\t\t\t<\/div>\n\t\t\t\t\t<\/div>\n\t\t<\/div>\n\t\t\t\t\t<\/div>\n\t\t<\/section>\n\t\t\t\t<\/div>","protected":false},"excerpt":{"rendered":"<p>Neben vielen B\u00fcchern, die ich f\u00fcr das J\u00fcdische Museum Wien verfasst habe, ist ein Buch, das ich im Fr\u00fchjahr 2022 publiziert habe, dem J\u00fcdischen Leben gewidmet. \u201eSie wollten uns t\u00f6ten. Wir haben gewonnen. Lasst uns essen!\u201c Dieses nicht allzu ernst gemeinte Motto schwebt \u00fcber vielen j\u00fcdischen Feiertagen. Die meisten erinnern an einschneidende Ereignisse der j\u00fcdischen [&hellip;]<\/p>\n","protected":false},"author":1,"featured_media":3389,"comment_status":"closed","ping_status":"closed","sticky":false,"template":"","format":"standard","meta":{"footnotes":""},"categories":[1,16],"tags":[12],"class_list":["post-249","post","type-post","status-publish","format-standard","has-post-thumbnail","hentry","category-allgemein","category-bucher","tag-news"],"yoast_head":"<!-- This site is optimized with the Yoast SEO plugin v27.5 - https:\/\/yoast.com\/product\/yoast-seo-wordpress\/ -->\n<title>Danielle Spera - Meine B\u00fccher<\/title>\n<meta name=\"robots\" content=\"index, follow, max-snippet:-1, max-image-preview:large, max-video-preview:-1\" \/>\n<link rel=\"canonical\" href=\"https:\/\/www.daniellespera.at\/en\/meine-buecher\/\" \/>\n<meta property=\"og:locale\" content=\"en_US\" \/>\n<meta property=\"og:type\" content=\"article\" \/>\n<meta property=\"og:title\" content=\"Danielle Spera - Meine B\u00fccher\" \/>\n<meta property=\"og:description\" content=\"Neben vielen B\u00fcchern, die ich f\u00fcr das J\u00fcdische Museum Wien verfasst habe, ist ein Buch, das ich im Fr\u00fchjahr 2022 publiziert habe, dem J\u00fcdischen Leben gewidmet. \u201eSie wollten uns t\u00f6ten. Wir haben gewonnen. Lasst uns essen!\u201c Dieses nicht allzu ernst gemeinte Motto schwebt \u00fcber vielen j\u00fcdischen Feiertagen. Die meisten erinnern an einschneidende Ereignisse der j\u00fcdischen [&hellip;]\" \/>\n<meta property=\"og:url\" content=\"https:\/\/www.daniellespera.at\/en\/meine-buecher\/\" \/>\n<meta property=\"og:site_name\" content=\"Danielle Spera\" \/>\n<meta property=\"article:published_time\" content=\"2022-09-11T10:15:43+00:00\" \/>\n<meta property=\"article:modified_time\" content=\"2026-01-07T15:33:15+00:00\" \/>\n<meta property=\"og:image\" content=\"https:\/\/www.daniellespera.at\/wp-content\/uploads\/2022\/09\/collage-scaled.jpg\" \/>\n\t<meta property=\"og:image:width\" content=\"2560\" \/>\n\t<meta property=\"og:image:height\" content=\"1681\" \/>\n\t<meta property=\"og:image:type\" content=\"image\/jpeg\" \/>\n<meta name=\"author\" content=\"bt-admin\" \/>\n<meta name=\"twitter:card\" content=\"summary_large_image\" \/>\n<meta name=\"twitter:site\" content=\"@daniellespera\" \/>\n<meta name=\"twitter:label1\" content=\"Written by\" \/>\n\t<meta name=\"twitter:data1\" content=\"bt-admin\" \/>\n\t<meta name=\"twitter:label2\" content=\"Est. reading time\" \/>\n\t<meta name=\"twitter:data2\" content=\"4 minutes\" \/>\n<script type=\"application\/ld+json\" class=\"yoast-schema-graph\">{\"@context\":\"https:\\\/\\\/schema.org\",\"@graph\":[{\"@type\":\"Article\",\"@id\":\"https:\\\/\\\/www.daniellespera.at\\\/meine-buecher\\\/#article\",\"isPartOf\":{\"@id\":\"https:\\\/\\\/www.daniellespera.at\\\/meine-buecher\\\/\"},\"author\":{\"name\":\"bt-admin\",\"@id\":\"https:\\\/\\\/www.daniellespera.at\\\/#\\\/schema\\\/person\\\/0c261fab8c661b97232c027c921d688f\"},\"headline\":\"Meine B\u00fccher\",\"datePublished\":\"2022-09-11T10:15:43+00:00\",\"dateModified\":\"2026-01-07T15:33:15+00:00\",\"mainEntityOfPage\":{\"@id\":\"https:\\\/\\\/www.daniellespera.at\\\/meine-buecher\\\/\"},\"wordCount\":643,\"publisher\":{\"@id\":\"https:\\\/\\\/www.daniellespera.at\\\/#\\\/schema\\\/person\\\/32fc96e7396e16ee31872bced4c27626\"},\"image\":{\"@id\":\"https:\\\/\\\/www.daniellespera.at\\\/meine-buecher\\\/#primaryimage\"},\"thumbnailUrl\":\"https:\\\/\\\/www.daniellespera.at\\\/wp-content\\\/uploads\\\/2022\\\/09\\\/collage-scaled.jpg\",\"keywords\":[\"news\"],\"articleSection\":[\"Allgemein\",\"B\u00fccher\"],\"inLanguage\":\"en-US\"},{\"@type\":\"WebPage\",\"@id\":\"https:\\\/\\\/www.daniellespera.at\\\/meine-buecher\\\/\",\"url\":\"https:\\\/\\\/www.daniellespera.at\\\/meine-buecher\\\/\",\"name\":\"Danielle Spera - Meine B\u00fccher\",\"isPartOf\":{\"@id\":\"https:\\\/\\\/www.daniellespera.at\\\/#website\"},\"primaryImageOfPage\":{\"@id\":\"https:\\\/\\\/www.daniellespera.at\\\/meine-buecher\\\/#primaryimage\"},\"image\":{\"@id\":\"https:\\\/\\\/www.daniellespera.at\\\/meine-buecher\\\/#primaryimage\"},\"thumbnailUrl\":\"https:\\\/\\\/www.daniellespera.at\\\/wp-content\\\/uploads\\\/2022\\\/09\\\/collage-scaled.jpg\",\"datePublished\":\"2022-09-11T10:15:43+00:00\",\"dateModified\":\"2026-01-07T15:33:15+00:00\",\"breadcrumb\":{\"@id\":\"https:\\\/\\\/www.daniellespera.at\\\/meine-buecher\\\/#breadcrumb\"},\"inLanguage\":\"en-US\",\"potentialAction\":[{\"@type\":\"ReadAction\",\"target\":[\"https:\\\/\\\/www.daniellespera.at\\\/meine-buecher\\\/\"]}]},{\"@type\":\"ImageObject\",\"inLanguage\":\"en-US\",\"@id\":\"https:\\\/\\\/www.daniellespera.at\\\/meine-buecher\\\/#primaryimage\",\"url\":\"https:\\\/\\\/www.daniellespera.at\\\/wp-content\\\/uploads\\\/2022\\\/09\\\/collage-scaled.jpg\",\"contentUrl\":\"https:\\\/\\\/www.daniellespera.at\\\/wp-content\\\/uploads\\\/2022\\\/09\\\/collage-scaled.jpg\",\"width\":2560,\"height\":1681},{\"@type\":\"BreadcrumbList\",\"@id\":\"https:\\\/\\\/www.daniellespera.at\\\/meine-buecher\\\/#breadcrumb\",\"itemListElement\":[{\"@type\":\"ListItem\",\"position\":1,\"name\":\"Home\",\"item\":\"https:\\\/\\\/www.daniellespera.at\\\/\"},{\"@type\":\"ListItem\",\"position\":2,\"name\":\"Meine B\u00fccher\"}]},{\"@type\":\"WebSite\",\"@id\":\"https:\\\/\\\/www.daniellespera.at\\\/#website\",\"url\":\"https:\\\/\\\/www.daniellespera.at\\\/\",\"name\":\"Danielle Spera\",\"description\":\"\",\"publisher\":{\"@id\":\"https:\\\/\\\/www.daniellespera.at\\\/#\\\/schema\\\/person\\\/32fc96e7396e16ee31872bced4c27626\"},\"potentialAction\":[{\"@type\":\"SearchAction\",\"target\":{\"@type\":\"EntryPoint\",\"urlTemplate\":\"https:\\\/\\\/www.daniellespera.at\\\/?s={search_term_string}\"},\"query-input\":{\"@type\":\"PropertyValueSpecification\",\"valueRequired\":true,\"valueName\":\"search_term_string\"}}],\"inLanguage\":\"en-US\"},{\"@type\":[\"Person\",\"Organization\"],\"@id\":\"https:\\\/\\\/www.daniellespera.at\\\/#\\\/schema\\\/person\\\/32fc96e7396e16ee31872bced4c27626\",\"name\":\"Danielle Spera\",\"image\":{\"@type\":\"ImageObject\",\"inLanguage\":\"en-US\",\"@id\":\"https:\\\/\\\/www.daniellespera.at\\\/wp-content\\\/uploads\\\/2023\\\/05\\\/Danielle_Spera_c_Sima-Prodinger-1-scaled.jpg\",\"url\":\"https:\\\/\\\/www.daniellespera.at\\\/wp-content\\\/uploads\\\/2023\\\/05\\\/Danielle_Spera_c_Sima-Prodinger-1-scaled.jpg\",\"contentUrl\":\"https:\\\/\\\/www.daniellespera.at\\\/wp-content\\\/uploads\\\/2023\\\/05\\\/Danielle_Spera_c_Sima-Prodinger-1-scaled.jpg\",\"width\":1707,\"height\":2560,\"caption\":\"Danielle Spera\"},\"logo\":{\"@id\":\"https:\\\/\\\/www.daniellespera.at\\\/wp-content\\\/uploads\\\/2023\\\/05\\\/Danielle_Spera_c_Sima-Prodinger-1-scaled.jpg\"},\"sameAs\":[\"https:\\\/\\\/x.com\\\/daniellespera\"]},{\"@type\":\"Person\",\"@id\":\"https:\\\/\\\/www.daniellespera.at\\\/#\\\/schema\\\/person\\\/0c261fab8c661b97232c027c921d688f\",\"name\":\"bt-admin\",\"sameAs\":[\"https:\\\/\\\/daniellespera.at\",\"https:\\\/\\\/www.instagram.com\\\/speradanielle\\\/\"],\"url\":\"https:\\\/\\\/www.daniellespera.at\\\/en\\\/author\\\/bt-admin\\\/\"}]}<\/script>\n<!-- \/ Yoast SEO plugin. -->","yoast_head_json":{"title":"Danielle Spera - Meine B\u00fccher","robots":{"index":"index","follow":"follow","max-snippet":"max-snippet:-1","max-image-preview":"max-image-preview:large","max-video-preview":"max-video-preview:-1"},"canonical":"https:\/\/www.daniellespera.at\/en\/meine-buecher\/","og_locale":"en_US","og_type":"article","og_title":"Danielle Spera - Meine B\u00fccher","og_description":"Neben vielen B\u00fcchern, die ich f\u00fcr das J\u00fcdische Museum Wien verfasst habe, ist ein Buch, das ich im Fr\u00fchjahr 2022 publiziert habe, dem J\u00fcdischen Leben gewidmet. \u201eSie wollten uns t\u00f6ten. Wir haben gewonnen. Lasst uns essen!\u201c Dieses nicht allzu ernst gemeinte Motto schwebt \u00fcber vielen j\u00fcdischen Feiertagen. Die meisten erinnern an einschneidende Ereignisse der j\u00fcdischen [&hellip;]","og_url":"https:\/\/www.daniellespera.at\/en\/meine-buecher\/","og_site_name":"Danielle Spera","article_published_time":"2022-09-11T10:15:43+00:00","article_modified_time":"2026-01-07T15:33:15+00:00","og_image":[{"width":2560,"height":1681,"url":"https:\/\/www.daniellespera.at\/wp-content\/uploads\/2022\/09\/collage-scaled.jpg","type":"image\/jpeg"}],"author":"bt-admin","twitter_card":"summary_large_image","twitter_site":"@daniellespera","twitter_misc":{"Written by":"bt-admin","Est. reading time":"4 minutes"},"schema":{"@context":"https:\/\/schema.org","@graph":[{"@type":"Article","@id":"https:\/\/www.daniellespera.at\/meine-buecher\/#article","isPartOf":{"@id":"https:\/\/www.daniellespera.at\/meine-buecher\/"},"author":{"name":"bt-admin","@id":"https:\/\/www.daniellespera.at\/#\/schema\/person\/0c261fab8c661b97232c027c921d688f"},"headline":"Meine B\u00fccher","datePublished":"2022-09-11T10:15:43+00:00","dateModified":"2026-01-07T15:33:15+00:00","mainEntityOfPage":{"@id":"https:\/\/www.daniellespera.at\/meine-buecher\/"},"wordCount":643,"publisher":{"@id":"https:\/\/www.daniellespera.at\/#\/schema\/person\/32fc96e7396e16ee31872bced4c27626"},"image":{"@id":"https:\/\/www.daniellespera.at\/meine-buecher\/#primaryimage"},"thumbnailUrl":"https:\/\/www.daniellespera.at\/wp-content\/uploads\/2022\/09\/collage-scaled.jpg","keywords":["news"],"articleSection":["Allgemein","B\u00fccher"],"inLanguage":"en-US"},{"@type":"WebPage","@id":"https:\/\/www.daniellespera.at\/meine-buecher\/","url":"https:\/\/www.daniellespera.at\/meine-buecher\/","name":"Danielle Spera - Meine B\u00fccher","isPartOf":{"@id":"https:\/\/www.daniellespera.at\/#website"},"primaryImageOfPage":{"@id":"https:\/\/www.daniellespera.at\/meine-buecher\/#primaryimage"},"image":{"@id":"https:\/\/www.daniellespera.at\/meine-buecher\/#primaryimage"},"thumbnailUrl":"https:\/\/www.daniellespera.at\/wp-content\/uploads\/2022\/09\/collage-scaled.jpg","datePublished":"2022-09-11T10:15:43+00:00","dateModified":"2026-01-07T15:33:15+00:00","breadcrumb":{"@id":"https:\/\/www.daniellespera.at\/meine-buecher\/#breadcrumb"},"inLanguage":"en-US","potentialAction":[{"@type":"ReadAction","target":["https:\/\/www.daniellespera.at\/meine-buecher\/"]}]},{"@type":"ImageObject","inLanguage":"en-US","@id":"https:\/\/www.daniellespera.at\/meine-buecher\/#primaryimage","url":"https:\/\/www.daniellespera.at\/wp-content\/uploads\/2022\/09\/collage-scaled.jpg","contentUrl":"https:\/\/www.daniellespera.at\/wp-content\/uploads\/2022\/09\/collage-scaled.jpg","width":2560,"height":1681},{"@type":"BreadcrumbList","@id":"https:\/\/www.daniellespera.at\/meine-buecher\/#breadcrumb","itemListElement":[{"@type":"ListItem","position":1,"name":"Home","item":"https:\/\/www.daniellespera.at\/"},{"@type":"ListItem","position":2,"name":"Meine B\u00fccher"}]},{"@type":"WebSite","@id":"https:\/\/www.daniellespera.at\/#website","url":"https:\/\/www.daniellespera.at\/","name":"Danielle Spera","description":"","publisher":{"@id":"https:\/\/www.daniellespera.at\/#\/schema\/person\/32fc96e7396e16ee31872bced4c27626"},"potentialAction":[{"@type":"SearchAction","target":{"@type":"EntryPoint","urlTemplate":"https:\/\/www.daniellespera.at\/?s={search_term_string}"},"query-input":{"@type":"PropertyValueSpecification","valueRequired":true,"valueName":"search_term_string"}}],"inLanguage":"en-US"},{"@type":["Person","Organization"],"@id":"https:\/\/www.daniellespera.at\/#\/schema\/person\/32fc96e7396e16ee31872bced4c27626","name":"Danielle Spera","image":{"@type":"ImageObject","inLanguage":"en-US","@id":"https:\/\/www.daniellespera.at\/wp-content\/uploads\/2023\/05\/Danielle_Spera_c_Sima-Prodinger-1-scaled.jpg","url":"https:\/\/www.daniellespera.at\/wp-content\/uploads\/2023\/05\/Danielle_Spera_c_Sima-Prodinger-1-scaled.jpg","contentUrl":"https:\/\/www.daniellespera.at\/wp-content\/uploads\/2023\/05\/Danielle_Spera_c_Sima-Prodinger-1-scaled.jpg","width":1707,"height":2560,"caption":"Danielle Spera"},"logo":{"@id":"https:\/\/www.daniellespera.at\/wp-content\/uploads\/2023\/05\/Danielle_Spera_c_Sima-Prodinger-1-scaled.jpg"},"sameAs":["https:\/\/x.com\/daniellespera"]},{"@type":"Person","@id":"https:\/\/www.daniellespera.at\/#\/schema\/person\/0c261fab8c661b97232c027c921d688f","name":"bt-admin","sameAs":["https:\/\/daniellespera.at","https:\/\/www.instagram.com\/speradanielle\/"],"url":"https:\/\/www.daniellespera.at\/en\/author\/bt-admin\/"}]}},"_links":{"self":[{"href":"https:\/\/www.daniellespera.at\/en\/wp-json\/wp\/v2\/posts\/249","targetHints":{"allow":["GET"]}}],"collection":[{"href":"https:\/\/www.daniellespera.at\/en\/wp-json\/wp\/v2\/posts"}],"about":[{"href":"https:\/\/www.daniellespera.at\/en\/wp-json\/wp\/v2\/types\/post"}],"author":[{"embeddable":true,"href":"https:\/\/www.daniellespera.at\/en\/wp-json\/wp\/v2\/users\/1"}],"replies":[{"embeddable":true,"href":"https:\/\/www.daniellespera.at\/en\/wp-json\/wp\/v2\/comments?post=249"}],"version-history":[{"count":45,"href":"https:\/\/www.daniellespera.at\/en\/wp-json\/wp\/v2\/posts\/249\/revisions"}],"predecessor-version":[{"id":3417,"href":"https:\/\/www.daniellespera.at\/en\/wp-json\/wp\/v2\/posts\/249\/revisions\/3417"}],"wp:featuredmedia":[{"embeddable":true,"href":"https:\/\/www.daniellespera.at\/en\/wp-json\/wp\/v2\/media\/3389"}],"wp:attachment":[{"href":"https:\/\/www.daniellespera.at\/en\/wp-json\/wp\/v2\/media?parent=249"}],"wp:term":[{"taxonomy":"category","embeddable":true,"href":"https:\/\/www.daniellespera.at\/en\/wp-json\/wp\/v2\/categories?post=249"},{"taxonomy":"post_tag","embeddable":true,"href":"https:\/\/www.daniellespera.at\/en\/wp-json\/wp\/v2\/tags?post=249"}],"curies":[{"name":"wp","href":"https:\/\/api.w.org\/{rel}","templated":true}]}}