{"id":2490,"date":"2023-11-07T15:21:21","date_gmt":"2023-11-07T14:21:21","guid":{"rendered":"https:\/\/www.daniellespera.at\/?p=2490"},"modified":"2023-11-07T15:21:24","modified_gmt":"2023-11-07T14:21:24","slug":"niederosterreichische-kulturpreise-2023","status":"publish","type":"post","link":"https:\/\/www.daniellespera.at\/en\/niederosterreichische-kulturpreise-2023\/","title":{"rendered":"Nieder\u00f6sterreichische Kulturpreise 2023"},"content":{"rendered":"<div data-elementor-type=\"wp-post\" data-elementor-id=\"2490\" class=\"elementor elementor-2490\">\n\t\t\t\t\t\t<section class=\"elementor-section elementor-top-section elementor-element elementor-element-316c37c elementor-section-boxed elementor-section-height-default elementor-section-height-default\" data-id=\"316c37c\" data-element_type=\"section\" data-e-type=\"section\">\n\t\t\t\t\t\t<div class=\"elementor-container elementor-column-gap-default\">\n\t\t\t\t\t<div class=\"aux-parallax-section elementor-column elementor-col-100 elementor-top-column elementor-element elementor-element-06fdce3\" data-id=\"06fdce3\" data-element_type=\"column\" data-e-type=\"column\">\n\t\t\t<div class=\"elementor-widget-wrap elementor-element-populated\">\n\t\t\t\t\t\t\t<\/div>\n\t\t<\/div>\n\t\t\t\t\t<\/div>\n\t\t<\/section>\n\t\t\t\t<section class=\"elementor-section elementor-top-section elementor-element elementor-element-370e4ea elementor-section-boxed elementor-section-height-default elementor-section-height-default\" data-id=\"370e4ea\" data-element_type=\"section\" data-e-type=\"section\">\n\t\t\t\t\t\t<div class=\"elementor-container elementor-column-gap-default\">\n\t\t\t\t\t<div class=\"aux-parallax-section elementor-column elementor-col-100 elementor-top-column elementor-element elementor-element-bde9237\" data-id=\"bde9237\" data-element_type=\"column\" data-e-type=\"column\">\n\t\t\t<div class=\"elementor-widget-wrap elementor-element-populated\">\n\t\t\t\t\t\t<div class=\"elementor-element elementor-element-aa36b7f elementor-widget elementor-widget-text-editor\" data-id=\"aa36b7f\" data-element_type=\"widget\" data-e-type=\"widget\" data-widget_type=\"text-editor.default\">\n\t\t\t\t<div class=\"elementor-widget-container\">\n\t\t\t\t\t\t\t\t\t<p>In der nieder\u00f6sterreichischen Landeshauptstadt St. P\u00f6lten wurden zum 63. Mal die Kulturpreise des Landes vergeben.<\/p><p>Ausgezeichnet werden K\u00fcnstlerinnen und K\u00fcnstler aus den verschiedensten Sparten, die die ganze Bandbreite der Kreativit\u00e4t abbilden.<\/p><p>Es war mir eine gro\u00dfe Ehre, dass ich auf Einladung von Landeshauptfrau Mikl-Leitner die Festrede halten durfte. Hier ein Einblick:<\/p>\t\t\t\t\t\t\t\t<\/div>\n\t\t\t\t<\/div>\n\t\t\t\t\t<\/div>\n\t\t<\/div>\n\t\t\t\t\t<\/div>\n\t\t<\/section>\n\t\t\t\t<section class=\"elementor-section elementor-top-section elementor-element elementor-element-833fc60 elementor-section-boxed elementor-section-height-default elementor-section-height-default\" data-id=\"833fc60\" data-element_type=\"section\" data-e-type=\"section\">\n\t\t\t\t\t\t<div class=\"elementor-container elementor-column-gap-default\">\n\t\t\t\t\t<div class=\"aux-parallax-section elementor-column elementor-col-100 elementor-top-column elementor-element elementor-element-f446db7\" data-id=\"f446db7\" data-element_type=\"column\" data-e-type=\"column\">\n\t\t\t<div class=\"elementor-widget-wrap elementor-element-populated\">\n\t\t\t\t\t\t<div class=\"elementor-element elementor-element-aaf1cc2 elementor-widget elementor-widget-video\" data-id=\"aaf1cc2\" data-element_type=\"widget\" data-e-type=\"widget\" data-settings=\"{&quot;video_type&quot;:&quot;hosted&quot;,&quot;controls&quot;:&quot;yes&quot;}\" data-widget_type=\"video.default\">\n\t\t\t\t<div class=\"elementor-widget-container\">\n\t\t\t\t\t\t\t<div class=\"e-hosted-video elementor-wrapper elementor-open-inline\">\n\t\t\t\t\t<video class=\"elementor-video\" src=\"https:\/\/www.daniellespera.at\/wp-content\/uploads\/2023\/11\/Kulturpreise-NOe.mp4\" controls=\"\" preload=\"metadata\" controlslist=\"nodownload\"><\/video>\n\t\t\t\t<\/div>\n\t\t\t\t\t\t<\/div>\n\t\t\t\t<\/div>\n\t\t\t\t\t<\/div>\n\t\t<\/div>\n\t\t\t\t\t<\/div>\n\t\t<\/section>\n\t\t\t\t<\/div>","protected":false},"excerpt":{"rendered":"<p>In der nieder\u00f6sterreichischen Landeshauptstadt St. P\u00f6lten wurden zum 63. Mal die Kulturpreise des Landes vergeben. Ausgezeichnet werden K\u00fcnstlerinnen und K\u00fcnstler aus den verschiedensten Sparten, die die ganze Bandbreite der Kreativit\u00e4t abbilden. Es war mir eine gro\u00dfe Ehre, dass ich auf Einladung von Landeshauptfrau Mikl-Leitner die Festrede halten durfte. Hier ein Einblick: https:\/\/www.daniellespera.at\/wp-content\/uploads\/2023\/11\/Kulturpreise-NOe.mp4<\/p>","protected":false},"author":2,"featured_media":2491,"comment_status":"closed","ping_status":"closed","sticky":false,"template":"","format":"standard","meta":{"footnotes":""},"categories":[1,91,32],"tags":[110,108,107,109],"class_list":["post-2490","post","type-post","status-publish","format-standard","has-post-thumbnail","hentry","category-allgemein","category-auszeichnungen","category-veranstaltungen","tag-festrede","tag-niederosterreich","tag-niederosterreichischer-kulturpreis","tag-preis"],"yoast_head":"<!-- This site is optimized with the Yoast SEO plugin v27.5 - https:\/\/yoast.com\/product\/yoast-seo-wordpress\/ -->\n<title>Danielle Spera - Nieder\u00f6sterreichische Kulturpreise 2023<\/title>\n<meta name=\"robots\" content=\"index, follow, max-snippet:-1, max-image-preview:large, max-video-preview:-1\" \/>\n<link rel=\"canonical\" href=\"https:\/\/www.daniellespera.at\/en\/niederosterreichische-kulturpreise-2023\/\" \/>\n<meta property=\"og:locale\" content=\"en_US\" \/>\n<meta property=\"og:type\" content=\"article\" \/>\n<meta property=\"og:title\" content=\"Danielle Spera - Nieder\u00f6sterreichische Kulturpreise 2023\" \/>\n<meta property=\"og:description\" content=\"In der nieder\u00f6sterreichischen Landeshauptstadt St. P\u00f6lten wurden zum 63. Mal die Kulturpreise des Landes vergeben. Ausgezeichnet werden K\u00fcnstlerinnen und K\u00fcnstler aus den verschiedensten Sparten, die die ganze Bandbreite der Kreativit\u00e4t abbilden. Es war mir eine gro\u00dfe Ehre, dass ich auf Einladung von Landeshauptfrau Mikl-Leitner die Festrede halten durfte. Hier ein Einblick: https:\/\/www.daniellespera.at\/wp-content\/uploads\/2023\/11\/Kulturpreise-NOe.mp4\" \/>\n<meta property=\"og:url\" content=\"https:\/\/www.daniellespera.at\/en\/niederosterreichische-kulturpreise-2023\/\" \/>\n<meta property=\"og:site_name\" content=\"Danielle Spera\" \/>\n<meta property=\"article:published_time\" content=\"2023-11-07T14:21:21+00:00\" \/>\n<meta property=\"article:modified_time\" content=\"2023-11-07T14:21:24+00:00\" \/>\n<meta property=\"og:image\" content=\"https:\/\/www.daniellespera.at\/wp-content\/uploads\/2023\/11\/NOe-Kulturpreis-scaled-e1699361392935.jpg\" \/>\n\t<meta property=\"og:image:width\" content=\"2560\" \/>\n\t<meta property=\"og:image:height\" content=\"1757\" \/>\n\t<meta property=\"og:image:type\" content=\"image\/jpeg\" \/>\n<meta name=\"author\" content=\"Danielle Spera\" \/>\n<meta name=\"twitter:card\" content=\"summary_large_image\" \/>\n<meta name=\"twitter:creator\" content=\"@daniellespera\" \/>\n<meta name=\"twitter:site\" content=\"@daniellespera\" \/>\n<meta name=\"twitter:label1\" content=\"Written by\" \/>\n\t<meta name=\"twitter:data1\" content=\"Danielle Spera\" \/>\n\t<meta name=\"twitter:label2\" content=\"Est. reading time\" \/>\n\t<meta name=\"twitter:data2\" content=\"1 minute\" \/>\n<script type=\"application\/ld+json\" class=\"yoast-schema-graph\">{\"@context\":\"https:\\\/\\\/schema.org\",\"@graph\":[{\"@type\":\"Article\",\"@id\":\"https:\\\/\\\/www.daniellespera.at\\\/niederosterreichische-kulturpreise-2023\\\/#article\",\"isPartOf\":{\"@id\":\"https:\\\/\\\/www.daniellespera.at\\\/niederosterreichische-kulturpreise-2023\\\/\"},\"author\":{\"name\":\"Danielle Spera\",\"@id\":\"https:\\\/\\\/www.daniellespera.at\\\/#\\\/schema\\\/person\\\/32fc96e7396e16ee31872bced4c27626\"},\"headline\":\"Nieder\u00f6sterreichische Kulturpreise 2023\",\"datePublished\":\"2023-11-07T14:21:21+00:00\",\"dateModified\":\"2023-11-07T14:21:24+00:00\",\"mainEntityOfPage\":{\"@id\":\"https:\\\/\\\/www.daniellespera.at\\\/niederosterreichische-kulturpreise-2023\\\/\"},\"wordCount\":67,\"publisher\":{\"@id\":\"https:\\\/\\\/www.daniellespera.at\\\/#\\\/schema\\\/person\\\/32fc96e7396e16ee31872bced4c27626\"},\"image\":{\"@id\":\"https:\\\/\\\/www.daniellespera.at\\\/niederosterreichische-kulturpreise-2023\\\/#primaryimage\"},\"thumbnailUrl\":\"https:\\\/\\\/www.daniellespera.at\\\/wp-content\\\/uploads\\\/2023\\\/11\\\/NOe-Kulturpreis-scaled-e1699361392935.jpg\",\"keywords\":[\"Festrede\",\"Nieder\u00f6sterreich\",\"Nieder\u00f6sterreichischer Kulturpreis\",\"Preis\"],\"articleSection\":[\"Allgemein\",\"Auszeichnungen\",\"Veranstaltungen\"],\"inLanguage\":\"en-US\"},{\"@type\":\"WebPage\",\"@id\":\"https:\\\/\\\/www.daniellespera.at\\\/niederosterreichische-kulturpreise-2023\\\/\",\"url\":\"https:\\\/\\\/www.daniellespera.at\\\/niederosterreichische-kulturpreise-2023\\\/\",\"name\":\"Danielle Spera - Nieder\u00f6sterreichische Kulturpreise 2023\",\"isPartOf\":{\"@id\":\"https:\\\/\\\/www.daniellespera.at\\\/#website\"},\"primaryImageOfPage\":{\"@id\":\"https:\\\/\\\/www.daniellespera.at\\\/niederosterreichische-kulturpreise-2023\\\/#primaryimage\"},\"image\":{\"@id\":\"https:\\\/\\\/www.daniellespera.at\\\/niederosterreichische-kulturpreise-2023\\\/#primaryimage\"},\"thumbnailUrl\":\"https:\\\/\\\/www.daniellespera.at\\\/wp-content\\\/uploads\\\/2023\\\/11\\\/NOe-Kulturpreis-scaled-e1699361392935.jpg\",\"datePublished\":\"2023-11-07T14:21:21+00:00\",\"dateModified\":\"2023-11-07T14:21:24+00:00\",\"breadcrumb\":{\"@id\":\"https:\\\/\\\/www.daniellespera.at\\\/niederosterreichische-kulturpreise-2023\\\/#breadcrumb\"},\"inLanguage\":\"en-US\",\"potentialAction\":[{\"@type\":\"ReadAction\",\"target\":[\"https:\\\/\\\/www.daniellespera.at\\\/niederosterreichische-kulturpreise-2023\\\/\"]}]},{\"@type\":\"ImageObject\",\"inLanguage\":\"en-US\",\"@id\":\"https:\\\/\\\/www.daniellespera.at\\\/niederosterreichische-kulturpreise-2023\\\/#primaryimage\",\"url\":\"https:\\\/\\\/www.daniellespera.at\\\/wp-content\\\/uploads\\\/2023\\\/11\\\/NOe-Kulturpreis-scaled-e1699361392935.jpg\",\"contentUrl\":\"https:\\\/\\\/www.daniellespera.at\\\/wp-content\\\/uploads\\\/2023\\\/11\\\/NOe-Kulturpreis-scaled-e1699361392935.jpg\",\"width\":2560,\"height\":1757},{\"@type\":\"BreadcrumbList\",\"@id\":\"https:\\\/\\\/www.daniellespera.at\\\/niederosterreichische-kulturpreise-2023\\\/#breadcrumb\",\"itemListElement\":[{\"@type\":\"ListItem\",\"position\":1,\"name\":\"Home\",\"item\":\"https:\\\/\\\/www.daniellespera.at\\\/\"},{\"@type\":\"ListItem\",\"position\":2,\"name\":\"Nieder\u00f6sterreichische Kulturpreise 2023\"}]},{\"@type\":\"WebSite\",\"@id\":\"https:\\\/\\\/www.daniellespera.at\\\/#website\",\"url\":\"https:\\\/\\\/www.daniellespera.at\\\/\",\"name\":\"Danielle Spera\",\"description\":\"\",\"publisher\":{\"@id\":\"https:\\\/\\\/www.daniellespera.at\\\/#\\\/schema\\\/person\\\/32fc96e7396e16ee31872bced4c27626\"},\"potentialAction\":[{\"@type\":\"SearchAction\",\"target\":{\"@type\":\"EntryPoint\",\"urlTemplate\":\"https:\\\/\\\/www.daniellespera.at\\\/?s={search_term_string}\"},\"query-input\":{\"@type\":\"PropertyValueSpecification\",\"valueRequired\":true,\"valueName\":\"search_term_string\"}}],\"inLanguage\":\"en-US\"},{\"@type\":[\"Person\",\"Organization\"],\"@id\":\"https:\\\/\\\/www.daniellespera.at\\\/#\\\/schema\\\/person\\\/32fc96e7396e16ee31872bced4c27626\",\"name\":\"Danielle Spera\",\"image\":{\"@type\":\"ImageObject\",\"inLanguage\":\"en-US\",\"@id\":\"https:\\\/\\\/www.daniellespera.at\\\/wp-content\\\/uploads\\\/2023\\\/05\\\/Danielle_Spera_c_Sima-Prodinger-1-scaled.jpg\",\"url\":\"https:\\\/\\\/www.daniellespera.at\\\/wp-content\\\/uploads\\\/2023\\\/05\\\/Danielle_Spera_c_Sima-Prodinger-1-scaled.jpg\",\"contentUrl\":\"https:\\\/\\\/www.daniellespera.at\\\/wp-content\\\/uploads\\\/2023\\\/05\\\/Danielle_Spera_c_Sima-Prodinger-1-scaled.jpg\",\"width\":1707,\"height\":2560,\"caption\":\"Danielle Spera\"},\"logo\":{\"@id\":\"https:\\\/\\\/www.daniellespera.at\\\/wp-content\\\/uploads\\\/2023\\\/05\\\/Danielle_Spera_c_Sima-Prodinger-1-scaled.jpg\"},\"sameAs\":[\"https:\\\/\\\/x.com\\\/daniellespera\"],\"url\":\"https:\\\/\\\/www.daniellespera.at\\\/en\\\/author\\\/daniellespera\\\/\"}]}<\/script>\n<!-- \/ Yoast SEO plugin. -->","yoast_head_json":{"title":"Danielle Spera - Nieder\u00f6sterreichische Kulturpreise 2023","robots":{"index":"index","follow":"follow","max-snippet":"max-snippet:-1","max-image-preview":"max-image-preview:large","max-video-preview":"max-video-preview:-1"},"canonical":"https:\/\/www.daniellespera.at\/en\/niederosterreichische-kulturpreise-2023\/","og_locale":"en_US","og_type":"article","og_title":"Danielle Spera - Nieder\u00f6sterreichische Kulturpreise 2023","og_description":"In der nieder\u00f6sterreichischen Landeshauptstadt St. P\u00f6lten wurden zum 63. Mal die Kulturpreise des Landes vergeben. Ausgezeichnet werden K\u00fcnstlerinnen und K\u00fcnstler aus den verschiedensten Sparten, die die ganze Bandbreite der Kreativit\u00e4t abbilden. Es war mir eine gro\u00dfe Ehre, dass ich auf Einladung von Landeshauptfrau Mikl-Leitner die Festrede halten durfte. Hier ein Einblick: https:\/\/www.daniellespera.at\/wp-content\/uploads\/2023\/11\/Kulturpreise-NOe.mp4","og_url":"https:\/\/www.daniellespera.at\/en\/niederosterreichische-kulturpreise-2023\/","og_site_name":"Danielle Spera","article_published_time":"2023-11-07T14:21:21+00:00","article_modified_time":"2023-11-07T14:21:24+00:00","og_image":[{"width":2560,"height":1757,"url":"https:\/\/www.daniellespera.at\/wp-content\/uploads\/2023\/11\/NOe-Kulturpreis-scaled-e1699361392935.jpg","type":"image\/jpeg"}],"author":"Danielle Spera","twitter_card":"summary_large_image","twitter_creator":"@daniellespera","twitter_site":"@daniellespera","twitter_misc":{"Written by":"Danielle Spera","Est. reading time":"1 minute"},"schema":{"@context":"https:\/\/schema.org","@graph":[{"@type":"Article","@id":"https:\/\/www.daniellespera.at\/niederosterreichische-kulturpreise-2023\/#article","isPartOf":{"@id":"https:\/\/www.daniellespera.at\/niederosterreichische-kulturpreise-2023\/"},"author":{"name":"Danielle Spera","@id":"https:\/\/www.daniellespera.at\/#\/schema\/person\/32fc96e7396e16ee31872bced4c27626"},"headline":"Nieder\u00f6sterreichische Kulturpreise 2023","datePublished":"2023-11-07T14:21:21+00:00","dateModified":"2023-11-07T14:21:24+00:00","mainEntityOfPage":{"@id":"https:\/\/www.daniellespera.at\/niederosterreichische-kulturpreise-2023\/"},"wordCount":67,"publisher":{"@id":"https:\/\/www.daniellespera.at\/#\/schema\/person\/32fc96e7396e16ee31872bced4c27626"},"image":{"@id":"https:\/\/www.daniellespera.at\/niederosterreichische-kulturpreise-2023\/#primaryimage"},"thumbnailUrl":"https:\/\/www.daniellespera.at\/wp-content\/uploads\/2023\/11\/NOe-Kulturpreis-scaled-e1699361392935.jpg","keywords":["Festrede","Nieder\u00f6sterreich","Nieder\u00f6sterreichischer Kulturpreis","Preis"],"articleSection":["Allgemein","Auszeichnungen","Veranstaltungen"],"inLanguage":"en-US"},{"@type":"WebPage","@id":"https:\/\/www.daniellespera.at\/niederosterreichische-kulturpreise-2023\/","url":"https:\/\/www.daniellespera.at\/niederosterreichische-kulturpreise-2023\/","name":"Danielle Spera - Nieder\u00f6sterreichische Kulturpreise 2023","isPartOf":{"@id":"https:\/\/www.daniellespera.at\/#website"},"primaryImageOfPage":{"@id":"https:\/\/www.daniellespera.at\/niederosterreichische-kulturpreise-2023\/#primaryimage"},"image":{"@id":"https:\/\/www.daniellespera.at\/niederosterreichische-kulturpreise-2023\/#primaryimage"},"thumbnailUrl":"https:\/\/www.daniellespera.at\/wp-content\/uploads\/2023\/11\/NOe-Kulturpreis-scaled-e1699361392935.jpg","datePublished":"2023-11-07T14:21:21+00:00","dateModified":"2023-11-07T14:21:24+00:00","breadcrumb":{"@id":"https:\/\/www.daniellespera.at\/niederosterreichische-kulturpreise-2023\/#breadcrumb"},"inLanguage":"en-US","potentialAction":[{"@type":"ReadAction","target":["https:\/\/www.daniellespera.at\/niederosterreichische-kulturpreise-2023\/"]}]},{"@type":"ImageObject","inLanguage":"en-US","@id":"https:\/\/www.daniellespera.at\/niederosterreichische-kulturpreise-2023\/#primaryimage","url":"https:\/\/www.daniellespera.at\/wp-content\/uploads\/2023\/11\/NOe-Kulturpreis-scaled-e1699361392935.jpg","contentUrl":"https:\/\/www.daniellespera.at\/wp-content\/uploads\/2023\/11\/NOe-Kulturpreis-scaled-e1699361392935.jpg","width":2560,"height":1757},{"@type":"BreadcrumbList","@id":"https:\/\/www.daniellespera.at\/niederosterreichische-kulturpreise-2023\/#breadcrumb","itemListElement":[{"@type":"ListItem","position":1,"name":"Home","item":"https:\/\/www.daniellespera.at\/"},{"@type":"ListItem","position":2,"name":"Nieder\u00f6sterreichische Kulturpreise 2023"}]},{"@type":"WebSite","@id":"https:\/\/www.daniellespera.at\/#website","url":"https:\/\/www.daniellespera.at\/","name":"Danielle Spera","description":"","publisher":{"@id":"https:\/\/www.daniellespera.at\/#\/schema\/person\/32fc96e7396e16ee31872bced4c27626"},"potentialAction":[{"@type":"SearchAction","target":{"@type":"EntryPoint","urlTemplate":"https:\/\/www.daniellespera.at\/?s={search_term_string}"},"query-input":{"@type":"PropertyValueSpecification","valueRequired":true,"valueName":"search_term_string"}}],"inLanguage":"en-US"},{"@type":["Person","Organization"],"@id":"https:\/\/www.daniellespera.at\/#\/schema\/person\/32fc96e7396e16ee31872bced4c27626","name":"Danielle Spera","image":{"@type":"ImageObject","inLanguage":"en-US","@id":"https:\/\/www.daniellespera.at\/wp-content\/uploads\/2023\/05\/Danielle_Spera_c_Sima-Prodinger-1-scaled.jpg","url":"https:\/\/www.daniellespera.at\/wp-content\/uploads\/2023\/05\/Danielle_Spera_c_Sima-Prodinger-1-scaled.jpg","contentUrl":"https:\/\/www.daniellespera.at\/wp-content\/uploads\/2023\/05\/Danielle_Spera_c_Sima-Prodinger-1-scaled.jpg","width":1707,"height":2560,"caption":"Danielle Spera"},"logo":{"@id":"https:\/\/www.daniellespera.at\/wp-content\/uploads\/2023\/05\/Danielle_Spera_c_Sima-Prodinger-1-scaled.jpg"},"sameAs":["https:\/\/x.com\/daniellespera"],"url":"https:\/\/www.daniellespera.at\/en\/author\/daniellespera\/"}]}},"_links":{"self":[{"href":"https:\/\/www.daniellespera.at\/en\/wp-json\/wp\/v2\/posts\/2490","targetHints":{"allow":["GET"]}}],"collection":[{"href":"https:\/\/www.daniellespera.at\/en\/wp-json\/wp\/v2\/posts"}],"about":[{"href":"https:\/\/www.daniellespera.at\/en\/wp-json\/wp\/v2\/types\/post"}],"author":[{"embeddable":true,"href":"https:\/\/www.daniellespera.at\/en\/wp-json\/wp\/v2\/users\/2"}],"replies":[{"embeddable":true,"href":"https:\/\/www.daniellespera.at\/en\/wp-json\/wp\/v2\/comments?post=2490"}],"version-history":[{"count":13,"href":"https:\/\/www.daniellespera.at\/en\/wp-json\/wp\/v2\/posts\/2490\/revisions"}],"predecessor-version":[{"id":2509,"href":"https:\/\/www.daniellespera.at\/en\/wp-json\/wp\/v2\/posts\/2490\/revisions\/2509"}],"wp:featuredmedia":[{"embeddable":true,"href":"https:\/\/www.daniellespera.at\/en\/wp-json\/wp\/v2\/media\/2491"}],"wp:attachment":[{"href":"https:\/\/www.daniellespera.at\/en\/wp-json\/wp\/v2\/media?parent=2490"}],"wp:term":[{"taxonomy":"category","embeddable":true,"href":"https:\/\/www.daniellespera.at\/en\/wp-json\/wp\/v2\/categories?post=2490"},{"taxonomy":"post_tag","embeddable":true,"href":"https:\/\/www.daniellespera.at\/en\/wp-json\/wp\/v2\/tags?post=2490"}],"curies":[{"name":"wp","href":"https:\/\/api.w.org\/{rel}","templated":true}]}}