{"id":2655,"date":"2024-04-05T16:00:17","date_gmt":"2024-04-05T14:00:17","guid":{"rendered":"https:\/\/www.daniellespera.at\/?p=2655"},"modified":"2024-04-05T16:13:30","modified_gmt":"2024-04-05T14:13:30","slug":"nachruf-hella-pick","status":"publish","type":"post","link":"https:\/\/www.daniellespera.at\/en\/nachruf-hella-pick\/","title":{"rendered":"Nachruf Hella Pick"},"content":{"rendered":"<div data-elementor-type=\"wp-post\" data-elementor-id=\"2655\" class=\"elementor elementor-2655\">\n\t\t\t\t\t\t<section class=\"elementor-section elementor-top-section elementor-element elementor-element-316c37c elementor-section-boxed elementor-section-height-default elementor-section-height-default\" data-id=\"316c37c\" data-element_type=\"section\" data-e-type=\"section\">\n\t\t\t\t\t\t<div class=\"elementor-container elementor-column-gap-default\">\n\t\t\t\t\t<div class=\"aux-parallax-section elementor-column elementor-col-100 elementor-top-column elementor-element elementor-element-06fdce3\" data-id=\"06fdce3\" data-element_type=\"column\" data-e-type=\"column\">\n\t\t\t<div class=\"elementor-widget-wrap elementor-element-populated\">\n\t\t\t\t\t\t\t<\/div>\n\t\t<\/div>\n\t\t\t\t\t<\/div>\n\t\t<\/section>\n\t\t\t\t<section class=\"elementor-section elementor-top-section elementor-element elementor-element-ec43ffc elementor-section-boxed elementor-section-height-default elementor-section-height-default\" data-id=\"ec43ffc\" data-element_type=\"section\" data-e-type=\"section\">\n\t\t\t\t\t\t<div class=\"elementor-container elementor-column-gap-default\">\n\t\t\t\t\t<div class=\"aux-parallax-section elementor-column elementor-col-100 elementor-top-column elementor-element elementor-element-9a14f7f\" data-id=\"9a14f7f\" data-element_type=\"column\" data-e-type=\"column\">\n\t\t\t<div class=\"elementor-widget-wrap elementor-element-populated\">\n\t\t\t\t\t\t<div class=\"elementor-element elementor-element-fe30127 elementor-widget elementor-widget-text-editor\" data-id=\"fe30127\" data-element_type=\"widget\" data-e-type=\"widget\" data-widget_type=\"text-editor.default\">\n\t\t\t\t<div class=\"elementor-widget-container\">\n\t\t\t\t\t\t\t\t\t<p>Mit gro\u00dfer Trauer habe ich vom Tod der britisch-\u00f6sterreichische Journalistin Hella Pick ist erfahren. Hella Pick wurde am 24. April 1929 in Wien geboren. Im M\u00e4rz 1939 gelangte Pick mit einer Kindertransport nach England. Immer wieder betonte sie, dass sie von ihrer \u201eneuen\u201c Familie in London gut aufgenommen worden war, doch die Unsicherheit und die Entwurzelung h\u00e4tte sie immer versp\u00fcrt. Sp\u00e4ter studierte Hella Pick Politikwissenschaft und begann eine Laufbahn als au\u00dfenpolitische Journalistin. Jahrzehntelang arbeitete sie f\u00fcr den Guardian und sah sich immer als Vorreiterin in einer m\u00e4nnlich dominierten Sparte. \u201eFrauen im Au\u00dfenressort wurden als exotisch angesehen und von einer abgeschotteten, ausschlie\u00dflich m\u00e4nnlichen Welt mit ihrem bew\u00e4hrten Mix aus Kameradschaft und scharfer Konkurrenz fast immer als unerw\u00fcnschte Eindringlinge wahrgenommen\u201c, schrieb sie in ihrer gerade neu aufgelegten Autobiografie. Mit Simon Wiesenthal war Hella Pick \u00fcber Jahre bekannt und verfasste schlie\u00dflich 1996 seine Biographie. Bei der Er\u00f6ffnung der Ausstellung \u00fcber Kindertransporte \u201eJugend ohne Heimat\u201c im J\u00fcdischen Museum Wien 2021 berichtete Hella Pick von ihren Gef\u00fchlen der Heimatlosigkeit. Ich bin dankbar f\u00fcr die vielen Gespr\u00e4che, die ich mit Hella Pick f\u00fchren durfte. Ihr Motto war, die Vergangenheit nicht zu vergessen, doch vor allem immer noch vorne zu schauen und die Zukunft positiv zu gestalten. Ein Motto, das uns beide f\u00fcr immer eint.<\/p><p>\u00a0<\/p>\t\t\t\t\t\t\t\t<\/div>\n\t\t\t\t<\/div>\n\t\t\t\t\t<\/div>\n\t\t<\/div>\n\t\t\t\t\t<\/div>\n\t\t<\/section>\n\t\t\t\t<\/div>","protected":false},"excerpt":{"rendered":"<p>Mit gro\u00dfer Trauer habe ich vom Tod der britisch-\u00f6sterreichische Journalistin Hella Pick ist erfahren. Hella Pick wurde am 24. April 1929 in Wien geboren. Im M\u00e4rz 1939 gelangte Pick mit einer Kindertransport nach England. Immer wieder betonte sie, dass sie von ihrer \u201eneuen\u201c Familie in London gut aufgenommen worden war, doch die Unsicherheit und die [&hellip;]<\/p>\n","protected":false},"author":2,"featured_media":2673,"comment_status":"closed","ping_status":"closed","sticky":false,"template":"","format":"standard","meta":{"footnotes":""},"categories":[79],"tags":[117],"class_list":["post-2655","post","type-post","status-publish","format-standard","has-post-thumbnail","hentry","category-nachruf","tag-nachruf"],"yoast_head":"<!-- This site is optimized with the Yoast SEO plugin v27.5 - https:\/\/yoast.com\/product\/yoast-seo-wordpress\/ -->\n<title>Danielle Spera - Nachruf Hella Pick<\/title>\n<meta name=\"robots\" content=\"index, follow, max-snippet:-1, max-image-preview:large, max-video-preview:-1\" \/>\n<link rel=\"canonical\" href=\"https:\/\/www.daniellespera.at\/en\/nachruf-hella-pick\/\" \/>\n<meta property=\"og:locale\" content=\"en_US\" \/>\n<meta property=\"og:type\" content=\"article\" \/>\n<meta property=\"og:title\" content=\"Danielle Spera - Nachruf Hella Pick\" \/>\n<meta property=\"og:description\" content=\"Mit gro\u00dfer Trauer habe ich vom Tod der britisch-\u00f6sterreichische Journalistin Hella Pick ist erfahren. Hella Pick wurde am 24. April 1929 in Wien geboren. Im M\u00e4rz 1939 gelangte Pick mit einer Kindertransport nach England. Immer wieder betonte sie, dass sie von ihrer \u201eneuen\u201c Familie in London gut aufgenommen worden war, doch die Unsicherheit und die [&hellip;]\" \/>\n<meta property=\"og:url\" content=\"https:\/\/www.daniellespera.at\/en\/nachruf-hella-pick\/\" \/>\n<meta property=\"og:site_name\" content=\"Danielle Spera\" \/>\n<meta property=\"article:published_time\" content=\"2024-04-05T14:00:17+00:00\" \/>\n<meta property=\"article:modified_time\" content=\"2024-04-05T14:13:30+00:00\" \/>\n<meta property=\"og:image\" content=\"https:\/\/www.daniellespera.at\/wp-content\/uploads\/2024\/04\/WhatsApp-Image-2024-04-05-at-16.10.38.jpeg\" \/>\n\t<meta property=\"og:image:width\" content=\"1024\" \/>\n\t<meta property=\"og:image:height\" content=\"683\" \/>\n\t<meta property=\"og:image:type\" content=\"image\/jpeg\" \/>\n<meta name=\"author\" content=\"Danielle Spera\" \/>\n<meta name=\"twitter:card\" content=\"summary_large_image\" \/>\n<meta name=\"twitter:creator\" content=\"@daniellespera\" \/>\n<meta name=\"twitter:site\" content=\"@daniellespera\" \/>\n<meta name=\"twitter:label1\" content=\"Written by\" \/>\n\t<meta name=\"twitter:data1\" content=\"Danielle Spera\" \/>\n\t<meta name=\"twitter:label2\" content=\"Est. reading time\" \/>\n\t<meta name=\"twitter:data2\" content=\"2 minutes\" \/>\n<script type=\"application\/ld+json\" class=\"yoast-schema-graph\">{\"@context\":\"https:\\\/\\\/schema.org\",\"@graph\":[{\"@type\":\"Article\",\"@id\":\"https:\\\/\\\/www.daniellespera.at\\\/nachruf-hella-pick\\\/#article\",\"isPartOf\":{\"@id\":\"https:\\\/\\\/www.daniellespera.at\\\/nachruf-hella-pick\\\/\"},\"author\":{\"name\":\"Danielle Spera\",\"@id\":\"https:\\\/\\\/www.daniellespera.at\\\/#\\\/schema\\\/person\\\/32fc96e7396e16ee31872bced4c27626\"},\"headline\":\"Nachruf Hella Pick\",\"datePublished\":\"2024-04-05T14:00:17+00:00\",\"dateModified\":\"2024-04-05T14:13:30+00:00\",\"mainEntityOfPage\":{\"@id\":\"https:\\\/\\\/www.daniellespera.at\\\/nachruf-hella-pick\\\/\"},\"wordCount\":228,\"publisher\":{\"@id\":\"https:\\\/\\\/www.daniellespera.at\\\/#\\\/schema\\\/person\\\/32fc96e7396e16ee31872bced4c27626\"},\"image\":{\"@id\":\"https:\\\/\\\/www.daniellespera.at\\\/nachruf-hella-pick\\\/#primaryimage\"},\"thumbnailUrl\":\"https:\\\/\\\/www.daniellespera.at\\\/wp-content\\\/uploads\\\/2024\\\/04\\\/WhatsApp-Image-2024-04-05-at-16.10.38.jpeg\",\"keywords\":[\"Nachruf\"],\"articleSection\":[\"Nachruf\"],\"inLanguage\":\"en-US\"},{\"@type\":\"WebPage\",\"@id\":\"https:\\\/\\\/www.daniellespera.at\\\/nachruf-hella-pick\\\/\",\"url\":\"https:\\\/\\\/www.daniellespera.at\\\/nachruf-hella-pick\\\/\",\"name\":\"Danielle Spera - Nachruf Hella Pick\",\"isPartOf\":{\"@id\":\"https:\\\/\\\/www.daniellespera.at\\\/#website\"},\"primaryImageOfPage\":{\"@id\":\"https:\\\/\\\/www.daniellespera.at\\\/nachruf-hella-pick\\\/#primaryimage\"},\"image\":{\"@id\":\"https:\\\/\\\/www.daniellespera.at\\\/nachruf-hella-pick\\\/#primaryimage\"},\"thumbnailUrl\":\"https:\\\/\\\/www.daniellespera.at\\\/wp-content\\\/uploads\\\/2024\\\/04\\\/WhatsApp-Image-2024-04-05-at-16.10.38.jpeg\",\"datePublished\":\"2024-04-05T14:00:17+00:00\",\"dateModified\":\"2024-04-05T14:13:30+00:00\",\"breadcrumb\":{\"@id\":\"https:\\\/\\\/www.daniellespera.at\\\/nachruf-hella-pick\\\/#breadcrumb\"},\"inLanguage\":\"en-US\",\"potentialAction\":[{\"@type\":\"ReadAction\",\"target\":[\"https:\\\/\\\/www.daniellespera.at\\\/nachruf-hella-pick\\\/\"]}]},{\"@type\":\"ImageObject\",\"inLanguage\":\"en-US\",\"@id\":\"https:\\\/\\\/www.daniellespera.at\\\/nachruf-hella-pick\\\/#primaryimage\",\"url\":\"https:\\\/\\\/www.daniellespera.at\\\/wp-content\\\/uploads\\\/2024\\\/04\\\/WhatsApp-Image-2024-04-05-at-16.10.38.jpeg\",\"contentUrl\":\"https:\\\/\\\/www.daniellespera.at\\\/wp-content\\\/uploads\\\/2024\\\/04\\\/WhatsApp-Image-2024-04-05-at-16.10.38.jpeg\",\"width\":1024,\"height\":683},{\"@type\":\"BreadcrumbList\",\"@id\":\"https:\\\/\\\/www.daniellespera.at\\\/nachruf-hella-pick\\\/#breadcrumb\",\"itemListElement\":[{\"@type\":\"ListItem\",\"position\":1,\"name\":\"Home\",\"item\":\"https:\\\/\\\/www.daniellespera.at\\\/\"},{\"@type\":\"ListItem\",\"position\":2,\"name\":\"Nachruf Hella Pick\"}]},{\"@type\":\"WebSite\",\"@id\":\"https:\\\/\\\/www.daniellespera.at\\\/#website\",\"url\":\"https:\\\/\\\/www.daniellespera.at\\\/\",\"name\":\"Danielle Spera\",\"description\":\"\",\"publisher\":{\"@id\":\"https:\\\/\\\/www.daniellespera.at\\\/#\\\/schema\\\/person\\\/32fc96e7396e16ee31872bced4c27626\"},\"potentialAction\":[{\"@type\":\"SearchAction\",\"target\":{\"@type\":\"EntryPoint\",\"urlTemplate\":\"https:\\\/\\\/www.daniellespera.at\\\/?s={search_term_string}\"},\"query-input\":{\"@type\":\"PropertyValueSpecification\",\"valueRequired\":true,\"valueName\":\"search_term_string\"}}],\"inLanguage\":\"en-US\"},{\"@type\":[\"Person\",\"Organization\"],\"@id\":\"https:\\\/\\\/www.daniellespera.at\\\/#\\\/schema\\\/person\\\/32fc96e7396e16ee31872bced4c27626\",\"name\":\"Danielle Spera\",\"image\":{\"@type\":\"ImageObject\",\"inLanguage\":\"en-US\",\"@id\":\"https:\\\/\\\/www.daniellespera.at\\\/wp-content\\\/uploads\\\/2023\\\/05\\\/Danielle_Spera_c_Sima-Prodinger-1-scaled.jpg\",\"url\":\"https:\\\/\\\/www.daniellespera.at\\\/wp-content\\\/uploads\\\/2023\\\/05\\\/Danielle_Spera_c_Sima-Prodinger-1-scaled.jpg\",\"contentUrl\":\"https:\\\/\\\/www.daniellespera.at\\\/wp-content\\\/uploads\\\/2023\\\/05\\\/Danielle_Spera_c_Sima-Prodinger-1-scaled.jpg\",\"width\":1707,\"height\":2560,\"caption\":\"Danielle Spera\"},\"logo\":{\"@id\":\"https:\\\/\\\/www.daniellespera.at\\\/wp-content\\\/uploads\\\/2023\\\/05\\\/Danielle_Spera_c_Sima-Prodinger-1-scaled.jpg\"},\"sameAs\":[\"https:\\\/\\\/x.com\\\/daniellespera\"],\"url\":\"https:\\\/\\\/www.daniellespera.at\\\/en\\\/author\\\/daniellespera\\\/\"}]}<\/script>\n<!-- \/ Yoast SEO plugin. -->","yoast_head_json":{"title":"Danielle Spera - Nachruf Hella Pick","robots":{"index":"index","follow":"follow","max-snippet":"max-snippet:-1","max-image-preview":"max-image-preview:large","max-video-preview":"max-video-preview:-1"},"canonical":"https:\/\/www.daniellespera.at\/en\/nachruf-hella-pick\/","og_locale":"en_US","og_type":"article","og_title":"Danielle Spera - Nachruf Hella Pick","og_description":"Mit gro\u00dfer Trauer habe ich vom Tod der britisch-\u00f6sterreichische Journalistin Hella Pick ist erfahren. Hella Pick wurde am 24. April 1929 in Wien geboren. Im M\u00e4rz 1939 gelangte Pick mit einer Kindertransport nach England. Immer wieder betonte sie, dass sie von ihrer \u201eneuen\u201c Familie in London gut aufgenommen worden war, doch die Unsicherheit und die [&hellip;]","og_url":"https:\/\/www.daniellespera.at\/en\/nachruf-hella-pick\/","og_site_name":"Danielle Spera","article_published_time":"2024-04-05T14:00:17+00:00","article_modified_time":"2024-04-05T14:13:30+00:00","og_image":[{"width":1024,"height":683,"url":"https:\/\/www.daniellespera.at\/wp-content\/uploads\/2024\/04\/WhatsApp-Image-2024-04-05-at-16.10.38.jpeg","type":"image\/jpeg"}],"author":"Danielle Spera","twitter_card":"summary_large_image","twitter_creator":"@daniellespera","twitter_site":"@daniellespera","twitter_misc":{"Written by":"Danielle Spera","Est. reading time":"2 minutes"},"schema":{"@context":"https:\/\/schema.org","@graph":[{"@type":"Article","@id":"https:\/\/www.daniellespera.at\/nachruf-hella-pick\/#article","isPartOf":{"@id":"https:\/\/www.daniellespera.at\/nachruf-hella-pick\/"},"author":{"name":"Danielle Spera","@id":"https:\/\/www.daniellespera.at\/#\/schema\/person\/32fc96e7396e16ee31872bced4c27626"},"headline":"Nachruf Hella Pick","datePublished":"2024-04-05T14:00:17+00:00","dateModified":"2024-04-05T14:13:30+00:00","mainEntityOfPage":{"@id":"https:\/\/www.daniellespera.at\/nachruf-hella-pick\/"},"wordCount":228,"publisher":{"@id":"https:\/\/www.daniellespera.at\/#\/schema\/person\/32fc96e7396e16ee31872bced4c27626"},"image":{"@id":"https:\/\/www.daniellespera.at\/nachruf-hella-pick\/#primaryimage"},"thumbnailUrl":"https:\/\/www.daniellespera.at\/wp-content\/uploads\/2024\/04\/WhatsApp-Image-2024-04-05-at-16.10.38.jpeg","keywords":["Nachruf"],"articleSection":["Nachruf"],"inLanguage":"en-US"},{"@type":"WebPage","@id":"https:\/\/www.daniellespera.at\/nachruf-hella-pick\/","url":"https:\/\/www.daniellespera.at\/nachruf-hella-pick\/","name":"Danielle Spera - Nachruf Hella Pick","isPartOf":{"@id":"https:\/\/www.daniellespera.at\/#website"},"primaryImageOfPage":{"@id":"https:\/\/www.daniellespera.at\/nachruf-hella-pick\/#primaryimage"},"image":{"@id":"https:\/\/www.daniellespera.at\/nachruf-hella-pick\/#primaryimage"},"thumbnailUrl":"https:\/\/www.daniellespera.at\/wp-content\/uploads\/2024\/04\/WhatsApp-Image-2024-04-05-at-16.10.38.jpeg","datePublished":"2024-04-05T14:00:17+00:00","dateModified":"2024-04-05T14:13:30+00:00","breadcrumb":{"@id":"https:\/\/www.daniellespera.at\/nachruf-hella-pick\/#breadcrumb"},"inLanguage":"en-US","potentialAction":[{"@type":"ReadAction","target":["https:\/\/www.daniellespera.at\/nachruf-hella-pick\/"]}]},{"@type":"ImageObject","inLanguage":"en-US","@id":"https:\/\/www.daniellespera.at\/nachruf-hella-pick\/#primaryimage","url":"https:\/\/www.daniellespera.at\/wp-content\/uploads\/2024\/04\/WhatsApp-Image-2024-04-05-at-16.10.38.jpeg","contentUrl":"https:\/\/www.daniellespera.at\/wp-content\/uploads\/2024\/04\/WhatsApp-Image-2024-04-05-at-16.10.38.jpeg","width":1024,"height":683},{"@type":"BreadcrumbList","@id":"https:\/\/www.daniellespera.at\/nachruf-hella-pick\/#breadcrumb","itemListElement":[{"@type":"ListItem","position":1,"name":"Home","item":"https:\/\/www.daniellespera.at\/"},{"@type":"ListItem","position":2,"name":"Nachruf Hella Pick"}]},{"@type":"WebSite","@id":"https:\/\/www.daniellespera.at\/#website","url":"https:\/\/www.daniellespera.at\/","name":"Danielle Spera","description":"","publisher":{"@id":"https:\/\/www.daniellespera.at\/#\/schema\/person\/32fc96e7396e16ee31872bced4c27626"},"potentialAction":[{"@type":"SearchAction","target":{"@type":"EntryPoint","urlTemplate":"https:\/\/www.daniellespera.at\/?s={search_term_string}"},"query-input":{"@type":"PropertyValueSpecification","valueRequired":true,"valueName":"search_term_string"}}],"inLanguage":"en-US"},{"@type":["Person","Organization"],"@id":"https:\/\/www.daniellespera.at\/#\/schema\/person\/32fc96e7396e16ee31872bced4c27626","name":"Danielle Spera","image":{"@type":"ImageObject","inLanguage":"en-US","@id":"https:\/\/www.daniellespera.at\/wp-content\/uploads\/2023\/05\/Danielle_Spera_c_Sima-Prodinger-1-scaled.jpg","url":"https:\/\/www.daniellespera.at\/wp-content\/uploads\/2023\/05\/Danielle_Spera_c_Sima-Prodinger-1-scaled.jpg","contentUrl":"https:\/\/www.daniellespera.at\/wp-content\/uploads\/2023\/05\/Danielle_Spera_c_Sima-Prodinger-1-scaled.jpg","width":1707,"height":2560,"caption":"Danielle Spera"},"logo":{"@id":"https:\/\/www.daniellespera.at\/wp-content\/uploads\/2023\/05\/Danielle_Spera_c_Sima-Prodinger-1-scaled.jpg"},"sameAs":["https:\/\/x.com\/daniellespera"],"url":"https:\/\/www.daniellespera.at\/en\/author\/daniellespera\/"}]}},"_links":{"self":[{"href":"https:\/\/www.daniellespera.at\/en\/wp-json\/wp\/v2\/posts\/2655","targetHints":{"allow":["GET"]}}],"collection":[{"href":"https:\/\/www.daniellespera.at\/en\/wp-json\/wp\/v2\/posts"}],"about":[{"href":"https:\/\/www.daniellespera.at\/en\/wp-json\/wp\/v2\/types\/post"}],"author":[{"embeddable":true,"href":"https:\/\/www.daniellespera.at\/en\/wp-json\/wp\/v2\/users\/2"}],"replies":[{"embeddable":true,"href":"https:\/\/www.daniellespera.at\/en\/wp-json\/wp\/v2\/comments?post=2655"}],"version-history":[{"count":11,"href":"https:\/\/www.daniellespera.at\/en\/wp-json\/wp\/v2\/posts\/2655\/revisions"}],"predecessor-version":[{"id":2667,"href":"https:\/\/www.daniellespera.at\/en\/wp-json\/wp\/v2\/posts\/2655\/revisions\/2667"}],"wp:featuredmedia":[{"embeddable":true,"href":"https:\/\/www.daniellespera.at\/en\/wp-json\/wp\/v2\/media\/2673"}],"wp:attachment":[{"href":"https:\/\/www.daniellespera.at\/en\/wp-json\/wp\/v2\/media?parent=2655"}],"wp:term":[{"taxonomy":"category","embeddable":true,"href":"https:\/\/www.daniellespera.at\/en\/wp-json\/wp\/v2\/categories?post=2655"},{"taxonomy":"post_tag","embeddable":true,"href":"https:\/\/www.daniellespera.at\/en\/wp-json\/wp\/v2\/tags?post=2655"}],"curies":[{"name":"wp","href":"https:\/\/api.w.org\/{rel}","templated":true}]}}