{"id":2675,"date":"2024-04-08T13:17:24","date_gmt":"2024-04-08T11:17:24","guid":{"rendered":"https:\/\/www.daniellespera.at\/?p=2675"},"modified":"2024-04-08T13:17:28","modified_gmt":"2024-04-08T11:17:28","slug":"waffenruhe-im-gazastreifen","status":"publish","type":"post","link":"https:\/\/www.daniellespera.at\/en\/waffenruhe-im-gazastreifen\/","title":{"rendered":"Zu Gast bei \u201ePro und Contra\u201c \u00fcber m\u00f6gliche Waffenruhe im Gazastreifen"},"content":{"rendered":"<div data-elementor-type=\"wp-post\" data-elementor-id=\"2675\" class=\"elementor elementor-2675\">\n\t\t\t\t\t\t<section class=\"elementor-section elementor-top-section elementor-element elementor-element-316c37c elementor-section-boxed elementor-section-height-default elementor-section-height-default\" data-id=\"316c37c\" data-element_type=\"section\" data-e-type=\"section\">\n\t\t\t\t\t\t<div class=\"elementor-container elementor-column-gap-default\">\n\t\t\t\t\t<div class=\"aux-parallax-section elementor-column elementor-col-100 elementor-top-column elementor-element elementor-element-06fdce3\" data-id=\"06fdce3\" data-element_type=\"column\" data-e-type=\"column\">\n\t\t\t<div class=\"elementor-widget-wrap elementor-element-populated\">\n\t\t\t\t\t\t\t<\/div>\n\t\t<\/div>\n\t\t\t\t\t<\/div>\n\t\t<\/section>\n\t\t\t\t<section class=\"elementor-section elementor-top-section elementor-element elementor-element-ec43ffc elementor-section-boxed elementor-section-height-default elementor-section-height-default\" data-id=\"ec43ffc\" data-element_type=\"section\" data-e-type=\"section\">\n\t\t\t\t\t\t<div class=\"elementor-container elementor-column-gap-default\">\n\t\t\t\t\t<div class=\"aux-parallax-section elementor-column elementor-col-100 elementor-top-column elementor-element elementor-element-9a14f7f\" data-id=\"9a14f7f\" data-element_type=\"column\" data-e-type=\"column\">\n\t\t\t<div class=\"elementor-widget-wrap elementor-element-populated\">\n\t\t\t\t\t\t<div class=\"elementor-element elementor-element-fe30127 elementor-widget elementor-widget-text-editor\" data-id=\"fe30127\" data-element_type=\"widget\" data-e-type=\"widget\" data-widget_type=\"text-editor.default\">\n\t\t\t\t<div class=\"elementor-widget-container\">\n\t\t\t\t\t\t\t\t\t<p>Zur aktuellen Lage in Israel diskutierte ich in Pro und Contra bei Puls4.\u00a0Man darf die Ereignisse des 7. Oktober, das brutale Massaker der Hamas, einer Terrororganisation, nicht negieren!\u00a0<br \/><br \/>Die Hamas missbraucht die eigene Bev\u00f6lkerung als Schutzschild. Die Hamas k\u00f6nnte den Krieg sofort beenden! Seit \u00fcber 6 Monaten sind immer noch israelische Kinder, Frauen, alte Menschen in der Geiselhaft dieser Terrorgruppe! Gleichzeitig schie\u00dft die Hamas t\u00e4glich Raketen nach Israel. Das ist ein Zustand den sich keine Regierung der Welt gefallen lassen w\u00fcrde!<\/p><p><br \/><br \/><\/p><p><a href=\"https:\/\/www.puls4.com\/tv\/pro-und-contra\/staffel-06\/episode-11\/pro-und-contra-krieg-in-nahost-soll-israel-die-waffen-niederlegen\">Die ganze Diskussion k\u00f6nnen Sie hier nachsehen<\/a><\/p>\t\t\t\t\t\t\t\t<\/div>\n\t\t\t\t<\/div>\n\t\t\t\t\t<\/div>\n\t\t<\/div>\n\t\t\t\t\t<\/div>\n\t\t<\/section>\n\t\t\t\t<\/div>","protected":false},"excerpt":{"rendered":"<p>Zur aktuellen Lage in Israel diskutierte ich in Pro und Contra bei Puls4.\u00a0Man darf die Ereignisse des 7. Oktober, das brutale Massaker der Hamas, einer Terrororganisation, nicht negieren!\u00a0 Die Hamas missbraucht die eigene Bev\u00f6lkerung als Schutzschild. Die Hamas k\u00f6nnte den Krieg sofort beenden! Seit \u00fcber 6 Monaten sind immer noch israelische Kinder, Frauen, alte Menschen [&hellip;]<\/p>\n","protected":false},"author":2,"featured_media":2676,"comment_status":"closed","ping_status":"closed","sticky":false,"template":"","format":"standard","meta":{"footnotes":""},"categories":[121,19,38],"tags":[27,118,119,120,46],"class_list":["post-2675","post","type-post","status-publish","format-standard","has-post-thumbnail","hentry","category-israel","category-sendungen","category-zu-gast","tag-israel","tag-krieg-im-gazastreifen","tag-pro-und-contra","tag-puls-4","tag-zu-gast"],"yoast_head":"<!-- This site is optimized with the Yoast SEO plugin v27.5 - https:\/\/yoast.com\/product\/yoast-seo-wordpress\/ -->\n<title>Danielle Spera - Zu Gast bei \u201ePro und Contra\u201c \u00fcber m\u00f6gliche Waffenruhe im Gazastreifen<\/title>\n<meta name=\"robots\" content=\"index, follow, max-snippet:-1, max-image-preview:large, max-video-preview:-1\" \/>\n<link rel=\"canonical\" href=\"https:\/\/www.daniellespera.at\/en\/waffenruhe-im-gazastreifen\/\" \/>\n<meta property=\"og:locale\" content=\"en_US\" \/>\n<meta property=\"og:type\" content=\"article\" \/>\n<meta property=\"og:title\" content=\"Danielle Spera - Zu Gast bei \u201ePro und Contra\u201c \u00fcber m\u00f6gliche Waffenruhe im Gazastreifen\" \/>\n<meta property=\"og:description\" content=\"Zur aktuellen Lage in Israel diskutierte ich in Pro und Contra bei Puls4.\u00a0Man darf die Ereignisse des 7. Oktober, das brutale Massaker der Hamas, einer Terrororganisation, nicht negieren!\u00a0 Die Hamas missbraucht die eigene Bev\u00f6lkerung als Schutzschild. Die Hamas k\u00f6nnte den Krieg sofort beenden! Seit \u00fcber 6 Monaten sind immer noch israelische Kinder, Frauen, alte Menschen [&hellip;]\" \/>\n<meta property=\"og:url\" content=\"https:\/\/www.daniellespera.at\/en\/waffenruhe-im-gazastreifen\/\" \/>\n<meta property=\"og:site_name\" content=\"Danielle Spera\" \/>\n<meta property=\"article:published_time\" content=\"2024-04-08T11:17:24+00:00\" \/>\n<meta property=\"article:modified_time\" content=\"2024-04-08T11:17:28+00:00\" \/>\n<meta property=\"og:image\" content=\"https:\/\/www.daniellespera.at\/wp-content\/uploads\/2024\/04\/pc.png\" \/>\n\t<meta property=\"og:image:width\" content=\"605\" \/>\n\t<meta property=\"og:image:height\" content=\"340\" \/>\n\t<meta property=\"og:image:type\" content=\"image\/png\" \/>\n<meta name=\"author\" content=\"Danielle Spera\" \/>\n<meta name=\"twitter:card\" content=\"summary_large_image\" \/>\n<meta name=\"twitter:creator\" content=\"@daniellespera\" \/>\n<meta name=\"twitter:site\" content=\"@daniellespera\" \/>\n<meta name=\"twitter:label1\" content=\"Written by\" \/>\n\t<meta name=\"twitter:data1\" content=\"Danielle Spera\" \/>\n\t<meta name=\"twitter:label2\" content=\"Est. reading time\" \/>\n\t<meta name=\"twitter:data2\" content=\"1 minute\" \/>\n<script type=\"application\/ld+json\" class=\"yoast-schema-graph\">{\"@context\":\"https:\\\/\\\/schema.org\",\"@graph\":[{\"@type\":\"Article\",\"@id\":\"https:\\\/\\\/www.daniellespera.at\\\/waffenruhe-im-gazastreifen\\\/#article\",\"isPartOf\":{\"@id\":\"https:\\\/\\\/www.daniellespera.at\\\/waffenruhe-im-gazastreifen\\\/\"},\"author\":{\"name\":\"Danielle Spera\",\"@id\":\"https:\\\/\\\/www.daniellespera.at\\\/#\\\/schema\\\/person\\\/32fc96e7396e16ee31872bced4c27626\"},\"headline\":\"Zu Gast bei \u201ePro und Contra\u201c \u00fcber m\u00f6gliche Waffenruhe im Gazastreifen\",\"datePublished\":\"2024-04-08T11:17:24+00:00\",\"dateModified\":\"2024-04-08T11:17:28+00:00\",\"mainEntityOfPage\":{\"@id\":\"https:\\\/\\\/www.daniellespera.at\\\/waffenruhe-im-gazastreifen\\\/\"},\"wordCount\":105,\"publisher\":{\"@id\":\"https:\\\/\\\/www.daniellespera.at\\\/#\\\/schema\\\/person\\\/32fc96e7396e16ee31872bced4c27626\"},\"image\":{\"@id\":\"https:\\\/\\\/www.daniellespera.at\\\/waffenruhe-im-gazastreifen\\\/#primaryimage\"},\"thumbnailUrl\":\"https:\\\/\\\/www.daniellespera.at\\\/wp-content\\\/uploads\\\/2024\\\/04\\\/pc.png\",\"keywords\":[\"Israel\",\"Krieg im Gazastreifen\",\"Pro und Contra\",\"Puls 4\",\"Zu Gast\"],\"articleSection\":[\"Israel\",\"Sendungen\",\"Zu Gast\"],\"inLanguage\":\"en-US\"},{\"@type\":\"WebPage\",\"@id\":\"https:\\\/\\\/www.daniellespera.at\\\/waffenruhe-im-gazastreifen\\\/\",\"url\":\"https:\\\/\\\/www.daniellespera.at\\\/waffenruhe-im-gazastreifen\\\/\",\"name\":\"Danielle Spera - Zu Gast bei \u201ePro und Contra\u201c \u00fcber m\u00f6gliche Waffenruhe im Gazastreifen\",\"isPartOf\":{\"@id\":\"https:\\\/\\\/www.daniellespera.at\\\/#website\"},\"primaryImageOfPage\":{\"@id\":\"https:\\\/\\\/www.daniellespera.at\\\/waffenruhe-im-gazastreifen\\\/#primaryimage\"},\"image\":{\"@id\":\"https:\\\/\\\/www.daniellespera.at\\\/waffenruhe-im-gazastreifen\\\/#primaryimage\"},\"thumbnailUrl\":\"https:\\\/\\\/www.daniellespera.at\\\/wp-content\\\/uploads\\\/2024\\\/04\\\/pc.png\",\"datePublished\":\"2024-04-08T11:17:24+00:00\",\"dateModified\":\"2024-04-08T11:17:28+00:00\",\"breadcrumb\":{\"@id\":\"https:\\\/\\\/www.daniellespera.at\\\/waffenruhe-im-gazastreifen\\\/#breadcrumb\"},\"inLanguage\":\"en-US\",\"potentialAction\":[{\"@type\":\"ReadAction\",\"target\":[\"https:\\\/\\\/www.daniellespera.at\\\/waffenruhe-im-gazastreifen\\\/\"]}]},{\"@type\":\"ImageObject\",\"inLanguage\":\"en-US\",\"@id\":\"https:\\\/\\\/www.daniellespera.at\\\/waffenruhe-im-gazastreifen\\\/#primaryimage\",\"url\":\"https:\\\/\\\/www.daniellespera.at\\\/wp-content\\\/uploads\\\/2024\\\/04\\\/pc.png\",\"contentUrl\":\"https:\\\/\\\/www.daniellespera.at\\\/wp-content\\\/uploads\\\/2024\\\/04\\\/pc.png\",\"width\":605,\"height\":340},{\"@type\":\"BreadcrumbList\",\"@id\":\"https:\\\/\\\/www.daniellespera.at\\\/waffenruhe-im-gazastreifen\\\/#breadcrumb\",\"itemListElement\":[{\"@type\":\"ListItem\",\"position\":1,\"name\":\"Home\",\"item\":\"https:\\\/\\\/www.daniellespera.at\\\/\"},{\"@type\":\"ListItem\",\"position\":2,\"name\":\"Zu Gast bei \u201ePro und Contra\u201c \u00fcber m\u00f6gliche Waffenruhe im Gazastreifen\"}]},{\"@type\":\"WebSite\",\"@id\":\"https:\\\/\\\/www.daniellespera.at\\\/#website\",\"url\":\"https:\\\/\\\/www.daniellespera.at\\\/\",\"name\":\"Danielle Spera\",\"description\":\"\",\"publisher\":{\"@id\":\"https:\\\/\\\/www.daniellespera.at\\\/#\\\/schema\\\/person\\\/32fc96e7396e16ee31872bced4c27626\"},\"potentialAction\":[{\"@type\":\"SearchAction\",\"target\":{\"@type\":\"EntryPoint\",\"urlTemplate\":\"https:\\\/\\\/www.daniellespera.at\\\/?s={search_term_string}\"},\"query-input\":{\"@type\":\"PropertyValueSpecification\",\"valueRequired\":true,\"valueName\":\"search_term_string\"}}],\"inLanguage\":\"en-US\"},{\"@type\":[\"Person\",\"Organization\"],\"@id\":\"https:\\\/\\\/www.daniellespera.at\\\/#\\\/schema\\\/person\\\/32fc96e7396e16ee31872bced4c27626\",\"name\":\"Danielle Spera\",\"image\":{\"@type\":\"ImageObject\",\"inLanguage\":\"en-US\",\"@id\":\"https:\\\/\\\/www.daniellespera.at\\\/wp-content\\\/uploads\\\/2023\\\/05\\\/Danielle_Spera_c_Sima-Prodinger-1-scaled.jpg\",\"url\":\"https:\\\/\\\/www.daniellespera.at\\\/wp-content\\\/uploads\\\/2023\\\/05\\\/Danielle_Spera_c_Sima-Prodinger-1-scaled.jpg\",\"contentUrl\":\"https:\\\/\\\/www.daniellespera.at\\\/wp-content\\\/uploads\\\/2023\\\/05\\\/Danielle_Spera_c_Sima-Prodinger-1-scaled.jpg\",\"width\":1707,\"height\":2560,\"caption\":\"Danielle Spera\"},\"logo\":{\"@id\":\"https:\\\/\\\/www.daniellespera.at\\\/wp-content\\\/uploads\\\/2023\\\/05\\\/Danielle_Spera_c_Sima-Prodinger-1-scaled.jpg\"},\"sameAs\":[\"https:\\\/\\\/x.com\\\/daniellespera\"],\"url\":\"https:\\\/\\\/www.daniellespera.at\\\/en\\\/author\\\/daniellespera\\\/\"}]}<\/script>\n<!-- \/ Yoast SEO plugin. -->","yoast_head_json":{"title":"Danielle Spera - Zu Gast bei \u201ePro und Contra\u201c \u00fcber m\u00f6gliche Waffenruhe im Gazastreifen","robots":{"index":"index","follow":"follow","max-snippet":"max-snippet:-1","max-image-preview":"max-image-preview:large","max-video-preview":"max-video-preview:-1"},"canonical":"https:\/\/www.daniellespera.at\/en\/waffenruhe-im-gazastreifen\/","og_locale":"en_US","og_type":"article","og_title":"Danielle Spera - Zu Gast bei \u201ePro und Contra\u201c \u00fcber m\u00f6gliche Waffenruhe im Gazastreifen","og_description":"Zur aktuellen Lage in Israel diskutierte ich in Pro und Contra bei Puls4.\u00a0Man darf die Ereignisse des 7. Oktober, das brutale Massaker der Hamas, einer Terrororganisation, nicht negieren!\u00a0 Die Hamas missbraucht die eigene Bev\u00f6lkerung als Schutzschild. Die Hamas k\u00f6nnte den Krieg sofort beenden! Seit \u00fcber 6 Monaten sind immer noch israelische Kinder, Frauen, alte Menschen [&hellip;]","og_url":"https:\/\/www.daniellespera.at\/en\/waffenruhe-im-gazastreifen\/","og_site_name":"Danielle Spera","article_published_time":"2024-04-08T11:17:24+00:00","article_modified_time":"2024-04-08T11:17:28+00:00","og_image":[{"width":605,"height":340,"url":"https:\/\/www.daniellespera.at\/wp-content\/uploads\/2024\/04\/pc.png","type":"image\/png"}],"author":"Danielle Spera","twitter_card":"summary_large_image","twitter_creator":"@daniellespera","twitter_site":"@daniellespera","twitter_misc":{"Written by":"Danielle Spera","Est. reading time":"1 minute"},"schema":{"@context":"https:\/\/schema.org","@graph":[{"@type":"Article","@id":"https:\/\/www.daniellespera.at\/waffenruhe-im-gazastreifen\/#article","isPartOf":{"@id":"https:\/\/www.daniellespera.at\/waffenruhe-im-gazastreifen\/"},"author":{"name":"Danielle Spera","@id":"https:\/\/www.daniellespera.at\/#\/schema\/person\/32fc96e7396e16ee31872bced4c27626"},"headline":"Zu Gast bei \u201ePro und Contra\u201c \u00fcber m\u00f6gliche Waffenruhe im Gazastreifen","datePublished":"2024-04-08T11:17:24+00:00","dateModified":"2024-04-08T11:17:28+00:00","mainEntityOfPage":{"@id":"https:\/\/www.daniellespera.at\/waffenruhe-im-gazastreifen\/"},"wordCount":105,"publisher":{"@id":"https:\/\/www.daniellespera.at\/#\/schema\/person\/32fc96e7396e16ee31872bced4c27626"},"image":{"@id":"https:\/\/www.daniellespera.at\/waffenruhe-im-gazastreifen\/#primaryimage"},"thumbnailUrl":"https:\/\/www.daniellespera.at\/wp-content\/uploads\/2024\/04\/pc.png","keywords":["Israel","Krieg im Gazastreifen","Pro und Contra","Puls 4","Zu Gast"],"articleSection":["Israel","Sendungen","Zu Gast"],"inLanguage":"en-US"},{"@type":"WebPage","@id":"https:\/\/www.daniellespera.at\/waffenruhe-im-gazastreifen\/","url":"https:\/\/www.daniellespera.at\/waffenruhe-im-gazastreifen\/","name":"Danielle Spera - Zu Gast bei \u201ePro und Contra\u201c \u00fcber m\u00f6gliche Waffenruhe im Gazastreifen","isPartOf":{"@id":"https:\/\/www.daniellespera.at\/#website"},"primaryImageOfPage":{"@id":"https:\/\/www.daniellespera.at\/waffenruhe-im-gazastreifen\/#primaryimage"},"image":{"@id":"https:\/\/www.daniellespera.at\/waffenruhe-im-gazastreifen\/#primaryimage"},"thumbnailUrl":"https:\/\/www.daniellespera.at\/wp-content\/uploads\/2024\/04\/pc.png","datePublished":"2024-04-08T11:17:24+00:00","dateModified":"2024-04-08T11:17:28+00:00","breadcrumb":{"@id":"https:\/\/www.daniellespera.at\/waffenruhe-im-gazastreifen\/#breadcrumb"},"inLanguage":"en-US","potentialAction":[{"@type":"ReadAction","target":["https:\/\/www.daniellespera.at\/waffenruhe-im-gazastreifen\/"]}]},{"@type":"ImageObject","inLanguage":"en-US","@id":"https:\/\/www.daniellespera.at\/waffenruhe-im-gazastreifen\/#primaryimage","url":"https:\/\/www.daniellespera.at\/wp-content\/uploads\/2024\/04\/pc.png","contentUrl":"https:\/\/www.daniellespera.at\/wp-content\/uploads\/2024\/04\/pc.png","width":605,"height":340},{"@type":"BreadcrumbList","@id":"https:\/\/www.daniellespera.at\/waffenruhe-im-gazastreifen\/#breadcrumb","itemListElement":[{"@type":"ListItem","position":1,"name":"Home","item":"https:\/\/www.daniellespera.at\/"},{"@type":"ListItem","position":2,"name":"Zu Gast bei \u201ePro und Contra\u201c \u00fcber m\u00f6gliche Waffenruhe im Gazastreifen"}]},{"@type":"WebSite","@id":"https:\/\/www.daniellespera.at\/#website","url":"https:\/\/www.daniellespera.at\/","name":"Danielle Spera","description":"","publisher":{"@id":"https:\/\/www.daniellespera.at\/#\/schema\/person\/32fc96e7396e16ee31872bced4c27626"},"potentialAction":[{"@type":"SearchAction","target":{"@type":"EntryPoint","urlTemplate":"https:\/\/www.daniellespera.at\/?s={search_term_string}"},"query-input":{"@type":"PropertyValueSpecification","valueRequired":true,"valueName":"search_term_string"}}],"inLanguage":"en-US"},{"@type":["Person","Organization"],"@id":"https:\/\/www.daniellespera.at\/#\/schema\/person\/32fc96e7396e16ee31872bced4c27626","name":"Danielle Spera","image":{"@type":"ImageObject","inLanguage":"en-US","@id":"https:\/\/www.daniellespera.at\/wp-content\/uploads\/2023\/05\/Danielle_Spera_c_Sima-Prodinger-1-scaled.jpg","url":"https:\/\/www.daniellespera.at\/wp-content\/uploads\/2023\/05\/Danielle_Spera_c_Sima-Prodinger-1-scaled.jpg","contentUrl":"https:\/\/www.daniellespera.at\/wp-content\/uploads\/2023\/05\/Danielle_Spera_c_Sima-Prodinger-1-scaled.jpg","width":1707,"height":2560,"caption":"Danielle Spera"},"logo":{"@id":"https:\/\/www.daniellespera.at\/wp-content\/uploads\/2023\/05\/Danielle_Spera_c_Sima-Prodinger-1-scaled.jpg"},"sameAs":["https:\/\/x.com\/daniellespera"],"url":"https:\/\/www.daniellespera.at\/en\/author\/daniellespera\/"}]}},"_links":{"self":[{"href":"https:\/\/www.daniellespera.at\/en\/wp-json\/wp\/v2\/posts\/2675","targetHints":{"allow":["GET"]}}],"collection":[{"href":"https:\/\/www.daniellespera.at\/en\/wp-json\/wp\/v2\/posts"}],"about":[{"href":"https:\/\/www.daniellespera.at\/en\/wp-json\/wp\/v2\/types\/post"}],"author":[{"embeddable":true,"href":"https:\/\/www.daniellespera.at\/en\/wp-json\/wp\/v2\/users\/2"}],"replies":[{"embeddable":true,"href":"https:\/\/www.daniellespera.at\/en\/wp-json\/wp\/v2\/comments?post=2675"}],"version-history":[{"count":6,"href":"https:\/\/www.daniellespera.at\/en\/wp-json\/wp\/v2\/posts\/2675\/revisions"}],"predecessor-version":[{"id":2682,"href":"https:\/\/www.daniellespera.at\/en\/wp-json\/wp\/v2\/posts\/2675\/revisions\/2682"}],"wp:featuredmedia":[{"embeddable":true,"href":"https:\/\/www.daniellespera.at\/en\/wp-json\/wp\/v2\/media\/2676"}],"wp:attachment":[{"href":"https:\/\/www.daniellespera.at\/en\/wp-json\/wp\/v2\/media?parent=2675"}],"wp:term":[{"taxonomy":"category","embeddable":true,"href":"https:\/\/www.daniellespera.at\/en\/wp-json\/wp\/v2\/categories?post=2675"},{"taxonomy":"post_tag","embeddable":true,"href":"https:\/\/www.daniellespera.at\/en\/wp-json\/wp\/v2\/tags?post=2675"}],"curies":[{"name":"wp","href":"https:\/\/api.w.org\/{rel}","templated":true}]}}