{"id":2710,"date":"2024-05-10T15:12:25","date_gmt":"2024-05-10T13:12:25","guid":{"rendered":"https:\/\/www.daniellespera.at\/?p=2710"},"modified":"2024-05-10T15:14:40","modified_gmt":"2024-05-10T13:14:40","slug":"moderation-gedenken-an-das-ende-des-weltkrieges-am-8-mai-im-bundeskanzleramt","status":"publish","type":"post","link":"https:\/\/www.daniellespera.at\/en\/moderation-gedenken-an-das-ende-des-weltkrieges-am-8-mai-im-bundeskanzleramt\/","title":{"rendered":"Moderation Gedenken an das Ende des Weltkrieges am 8. Mai im Bundeskanzleramt"},"content":{"rendered":"<div data-elementor-type=\"wp-post\" data-elementor-id=\"2710\" class=\"elementor elementor-2710\">\n\t\t\t\t\t\t<section class=\"elementor-section elementor-top-section elementor-element elementor-element-316c37c elementor-section-boxed elementor-section-height-default elementor-section-height-default\" data-id=\"316c37c\" data-element_type=\"section\" data-e-type=\"section\">\n\t\t\t\t\t\t<div class=\"elementor-container elementor-column-gap-default\">\n\t\t\t\t\t<div class=\"aux-parallax-section elementor-column elementor-col-100 elementor-top-column elementor-element elementor-element-06fdce3\" data-id=\"06fdce3\" data-element_type=\"column\" data-e-type=\"column\">\n\t\t\t<div class=\"elementor-widget-wrap elementor-element-populated\">\n\t\t\t\t\t\t\t<\/div>\n\t\t<\/div>\n\t\t\t\t\t<\/div>\n\t\t<\/section>\n\t\t\t\t<section class=\"elementor-section elementor-top-section elementor-element elementor-element-ec43ffc elementor-section-boxed elementor-section-height-default elementor-section-height-default\" data-id=\"ec43ffc\" data-element_type=\"section\" data-e-type=\"section\">\n\t\t\t\t\t\t<div class=\"elementor-container elementor-column-gap-default\">\n\t\t\t\t\t<div class=\"aux-parallax-section elementor-column elementor-col-100 elementor-top-column elementor-element elementor-element-9a14f7f\" data-id=\"9a14f7f\" data-element_type=\"column\" data-e-type=\"column\">\n\t\t\t<div class=\"elementor-widget-wrap elementor-element-populated\">\n\t\t\t\t\t\t<div class=\"elementor-element elementor-element-fe30127 elementor-widget elementor-widget-text-editor\" data-id=\"fe30127\" data-element_type=\"widget\" data-e-type=\"widget\" data-widget_type=\"text-editor.default\">\n\t\t\t\t<div class=\"elementor-widget-container\">\n\t\t\t\t\t\t\t\t\t<p>Dieses Jahr hatte ich erneut die Ehre, an der Gedenkveranstaltung des Bundeskanzleramts teilzunehmen und als Moderatorin durch den Festakt zu f\u00fchren, der live in ORF II ausgestrahlt wurde.<\/p><p>Heute von 79 Jahren, am 8. Mai 1945, endete der Zweite Weltkrieg in Europa durch die bedingungslose Kapitulation des nationalsozialistischen Deutschland. An diesem Gedenktag erinnern wir uns an die Befreiung von Krieg und Nationalsozialismus.<\/p><p>Gerade heute \u2013 angesichts der vielf\u00e4ltigen Herausforderungen der vergangenen Monate und Jahre &#8211; ist dieses Gedenken wichtiger denn je.<br \/>Dass Freiheit, Demokratie und das Leben in einer pluralistischen Gesellschaft zerbrechliche G\u00fcter sind, wird uns derzeit t\u00e4glich vor Augen gef\u00fchrt.<br \/>Das Erinnern an die Befreiung findet heuer angesichts eines mitten in Europa tobenden Krieges, der Gewalt im Nahen Osten und des massiv gestiegenen Antisemitismus statt.<\/p><p>Die Festrede wurde von Univ.-Prof. Mag. Dr. Wolfgang M\u00fcller, stellvertretender Institutsvorstand des Institus f\u00fcr Osteurop\u00f6ische Geschichte der Universit\u00e4t Wien gehalten. Das Ensemble der Wiener Philharmoniker umrandete den Festakt musikalisch.<\/p>\t\t\t\t\t\t\t\t<\/div>\n\t\t\t\t<\/div>\n\t\t\t\t\t<\/div>\n\t\t<\/div>\n\t\t\t\t\t<\/div>\n\t\t<\/section>\n\t\t\t\t<section class=\"elementor-section elementor-top-section elementor-element elementor-element-1695d38 elementor-section-boxed elementor-section-height-default elementor-section-height-default\" data-id=\"1695d38\" data-element_type=\"section\" data-e-type=\"section\">\n\t\t\t\t\t\t<div class=\"elementor-container elementor-column-gap-default\">\n\t\t\t\t\t<div class=\"aux-parallax-section elementor-column elementor-col-100 elementor-top-column elementor-element elementor-element-b96598d\" data-id=\"b96598d\" data-element_type=\"column\" data-e-type=\"column\">\n\t\t\t<div class=\"elementor-widget-wrap elementor-element-populated\">\n\t\t\t\t\t\t<div class=\"elementor-element elementor-element-3080e28 elementor-widget elementor-widget-image\" data-id=\"3080e28\" data-element_type=\"widget\" data-e-type=\"widget\" data-widget_type=\"image.default\">\n\t\t\t\t<div class=\"elementor-widget-container\">\n\t\t\t\t\t\t\t\t\t\t\t\t\t\t\t<img fetchpriority=\"high\" decoding=\"async\" width=\"768\" height=\"768\" src=\"https:\/\/www.daniellespera.at\/wp-content\/uploads\/2024\/05\/WhatsApp-Image-2024-05-10-at-15.04.32-768x768.jpeg\" class=\"attachment-medium_large size-medium_large wp-image-2749\" alt=\"\" srcset=\"https:\/\/www.daniellespera.at\/wp-content\/uploads\/2024\/05\/WhatsApp-Image-2024-05-10-at-15.04.32-768x768.jpeg 768w, https:\/\/www.daniellespera.at\/wp-content\/uploads\/2024\/05\/WhatsApp-Image-2024-05-10-at-15.04.32-300x300.jpeg 300w, https:\/\/www.daniellespera.at\/wp-content\/uploads\/2024\/05\/WhatsApp-Image-2024-05-10-at-15.04.32-1024x1024.jpeg 1024w, https:\/\/www.daniellespera.at\/wp-content\/uploads\/2024\/05\/WhatsApp-Image-2024-05-10-at-15.04.32-150x150.jpeg 150w\" sizes=\"(max-width: 768px) 100vw, 768px\" \/>\t\t\t\t\t\t\t\t\t\t\t\t\t\t\t<\/div>\n\t\t\t\t<\/div>\n\t\t\t\t\t<\/div>\n\t\t<\/div>\n\t\t\t\t\t<\/div>\n\t\t<\/section>\n\t\t\t\t<section class=\"elementor-section elementor-top-section elementor-element elementor-element-e3ddb22 elementor-section-boxed elementor-section-height-default elementor-section-height-default\" data-id=\"e3ddb22\" data-element_type=\"section\" data-e-type=\"section\">\n\t\t\t\t\t\t<div class=\"elementor-container elementor-column-gap-default\">\n\t\t\t\t\t<div class=\"aux-parallax-section elementor-column elementor-col-100 elementor-top-column elementor-element elementor-element-5f257ed\" data-id=\"5f257ed\" data-element_type=\"column\" data-e-type=\"column\">\n\t\t\t<div class=\"elementor-widget-wrap elementor-element-populated\">\n\t\t\t\t\t\t<div class=\"elementor-element elementor-element-ac8cd0d elementor-widget elementor-widget-image\" data-id=\"ac8cd0d\" data-element_type=\"widget\" data-e-type=\"widget\" data-widget_type=\"image.default\">\n\t\t\t\t<div class=\"elementor-widget-container\">\n\t\t\t\t\t\t\t\t\t\t\t\t\t\t\t<img decoding=\"async\" width=\"1024\" height=\"1024\" src=\"https:\/\/www.daniellespera.at\/wp-content\/uploads\/2024\/05\/WhatsApp-Image-2024-05-10-at-15.04.322-1024x1024.jpeg\" class=\"attachment-large size-large wp-image-2747\" alt=\"\" srcset=\"https:\/\/www.daniellespera.at\/wp-content\/uploads\/2024\/05\/WhatsApp-Image-2024-05-10-at-15.04.322-1024x1024.jpeg 1024w, https:\/\/www.daniellespera.at\/wp-content\/uploads\/2024\/05\/WhatsApp-Image-2024-05-10-at-15.04.322-300x300.jpeg 300w, https:\/\/www.daniellespera.at\/wp-content\/uploads\/2024\/05\/WhatsApp-Image-2024-05-10-at-15.04.322-150x150.jpeg 150w, https:\/\/www.daniellespera.at\/wp-content\/uploads\/2024\/05\/WhatsApp-Image-2024-05-10-at-15.04.322-768x768.jpeg 768w\" sizes=\"(max-width: 1024px) 100vw, 1024px\" \/>\t\t\t\t\t\t\t\t\t\t\t\t\t\t\t<\/div>\n\t\t\t\t<\/div>\n\t\t\t\t\t<\/div>\n\t\t<\/div>\n\t\t\t\t\t<\/div>\n\t\t<\/section>\n\t\t\t\t<section class=\"elementor-section elementor-top-section elementor-element elementor-element-a942efe elementor-section-boxed elementor-section-height-default elementor-section-height-default\" data-id=\"a942efe\" data-element_type=\"section\" data-e-type=\"section\">\n\t\t\t\t\t\t<div class=\"elementor-container elementor-column-gap-default\">\n\t\t\t\t\t<div class=\"aux-parallax-section elementor-column elementor-col-100 elementor-top-column elementor-element elementor-element-4c671ff\" data-id=\"4c671ff\" data-element_type=\"column\" data-e-type=\"column\">\n\t\t\t<div class=\"elementor-widget-wrap elementor-element-populated\">\n\t\t\t\t\t\t<div class=\"elementor-element elementor-element-72f9f3e elementor-widget elementor-widget-image\" data-id=\"72f9f3e\" data-element_type=\"widget\" data-e-type=\"widget\" data-widget_type=\"image.default\">\n\t\t\t\t<div class=\"elementor-widget-container\">\n\t\t\t\t\t\t\t\t\t\t\t\t\t\t\t<img decoding=\"async\" width=\"1024\" height=\"1024\" src=\"https:\/\/www.daniellespera.at\/wp-content\/uploads\/2024\/05\/WhatsApp-Image-2024-05-10-at-15.04.321-1024x1024.jpeg\" class=\"attachment-large size-large wp-image-2748\" alt=\"\" srcset=\"https:\/\/www.daniellespera.at\/wp-content\/uploads\/2024\/05\/WhatsApp-Image-2024-05-10-at-15.04.321-1024x1024.jpeg 1024w, https:\/\/www.daniellespera.at\/wp-content\/uploads\/2024\/05\/WhatsApp-Image-2024-05-10-at-15.04.321-300x300.jpeg 300w, https:\/\/www.daniellespera.at\/wp-content\/uploads\/2024\/05\/WhatsApp-Image-2024-05-10-at-15.04.321-150x150.jpeg 150w, https:\/\/www.daniellespera.at\/wp-content\/uploads\/2024\/05\/WhatsApp-Image-2024-05-10-at-15.04.321-768x768.jpeg 768w\" sizes=\"(max-width: 1024px) 100vw, 1024px\" \/>\t\t\t\t\t\t\t\t\t\t\t\t\t\t\t<\/div>\n\t\t\t\t<\/div>\n\t\t\t\t\t<\/div>\n\t\t<\/div>\n\t\t\t\t\t<\/div>\n\t\t<\/section>\n\t\t\t\t<\/div>","protected":false},"excerpt":{"rendered":"<p>Dieses Jahr hatte ich erneut die Ehre, an der Gedenkveranstaltung des Bundeskanzleramts teilzunehmen und als Moderatorin durch den Festakt zu f\u00fchren, der live in ORF II ausgestrahlt wurde. Heute von 79 Jahren, am 8. Mai 1945, endete der Zweite Weltkrieg in Europa durch die bedingungslose Kapitulation des nationalsozialistischen Deutschland. An diesem Gedenktag erinnern wir uns [&hellip;]<\/p>\n","protected":false},"author":2,"featured_media":2734,"comment_status":"closed","ping_status":"closed","sticky":false,"template":"","format":"standard","meta":{"footnotes":""},"categories":[1,80,44,81,70],"tags":[],"class_list":["post-2710","post","type-post","status-publish","format-standard","has-post-thumbnail","hentry","category-allgemein","category-bundeskanzleramt","category-erinnerungskultur","category-gedenken","category-moderation"],"yoast_head":"<!-- This site is optimized with the Yoast SEO plugin v27.5 - https:\/\/yoast.com\/product\/yoast-seo-wordpress\/ -->\n<title>Danielle Spera - Moderation Gedenken an das Ende des Weltkrieges am 8. Mai im Bundeskanzleramt<\/title>\n<meta name=\"robots\" content=\"index, follow, max-snippet:-1, max-image-preview:large, max-video-preview:-1\" \/>\n<link rel=\"canonical\" href=\"https:\/\/www.daniellespera.at\/en\/moderation-gedenken-an-das-ende-des-weltkrieges-am-8-mai-im-bundeskanzleramt\/\" \/>\n<meta property=\"og:locale\" content=\"en_US\" \/>\n<meta property=\"og:type\" content=\"article\" \/>\n<meta property=\"og:title\" content=\"Danielle Spera - Moderation Gedenken an das Ende des Weltkrieges am 8. Mai im Bundeskanzleramt\" \/>\n<meta property=\"og:description\" content=\"Dieses Jahr hatte ich erneut die Ehre, an der Gedenkveranstaltung des Bundeskanzleramts teilzunehmen und als Moderatorin durch den Festakt zu f\u00fchren, der live in ORF II ausgestrahlt wurde. Heute von 79 Jahren, am 8. Mai 1945, endete der Zweite Weltkrieg in Europa durch die bedingungslose Kapitulation des nationalsozialistischen Deutschland. An diesem Gedenktag erinnern wir uns [&hellip;]\" \/>\n<meta property=\"og:url\" content=\"https:\/\/www.daniellespera.at\/en\/moderation-gedenken-an-das-ende-des-weltkrieges-am-8-mai-im-bundeskanzleramt\/\" \/>\n<meta property=\"og:site_name\" content=\"Danielle Spera\" \/>\n<meta property=\"article:published_time\" content=\"2024-05-10T13:12:25+00:00\" \/>\n<meta property=\"article:modified_time\" content=\"2024-05-10T13:14:40+00:00\" \/>\n<meta property=\"og:image\" content=\"https:\/\/www.daniellespera.at\/wp-content\/uploads\/2024\/05\/WhatsApp-Image-2024-05-10-at-15.05.449-e1715346728569.jpeg\" \/>\n\t<meta property=\"og:image:width\" content=\"1200\" \/>\n\t<meta property=\"og:image:height\" content=\"957\" \/>\n\t<meta property=\"og:image:type\" content=\"image\/jpeg\" \/>\n<meta name=\"author\" content=\"Danielle Spera\" \/>\n<meta name=\"twitter:card\" content=\"summary_large_image\" \/>\n<meta name=\"twitter:creator\" content=\"@daniellespera\" \/>\n<meta name=\"twitter:site\" content=\"@daniellespera\" \/>\n<meta name=\"twitter:label1\" content=\"Written by\" \/>\n\t<meta name=\"twitter:data1\" content=\"Danielle Spera\" \/>\n\t<meta name=\"twitter:label2\" content=\"Est. reading time\" \/>\n\t<meta name=\"twitter:data2\" content=\"2 minutes\" \/>\n<script type=\"application\/ld+json\" class=\"yoast-schema-graph\">{\"@context\":\"https:\\\/\\\/schema.org\",\"@graph\":[{\"@type\":\"Article\",\"@id\":\"https:\\\/\\\/www.daniellespera.at\\\/moderation-gedenken-an-das-ende-des-weltkrieges-am-8-mai-im-bundeskanzleramt\\\/#article\",\"isPartOf\":{\"@id\":\"https:\\\/\\\/www.daniellespera.at\\\/moderation-gedenken-an-das-ende-des-weltkrieges-am-8-mai-im-bundeskanzleramt\\\/\"},\"author\":{\"name\":\"Danielle Spera\",\"@id\":\"https:\\\/\\\/www.daniellespera.at\\\/#\\\/schema\\\/person\\\/32fc96e7396e16ee31872bced4c27626\"},\"headline\":\"Moderation Gedenken an das Ende des Weltkrieges am 8. Mai im Bundeskanzleramt\",\"datePublished\":\"2024-05-10T13:12:25+00:00\",\"dateModified\":\"2024-05-10T13:14:40+00:00\",\"mainEntityOfPage\":{\"@id\":\"https:\\\/\\\/www.daniellespera.at\\\/moderation-gedenken-an-das-ende-des-weltkrieges-am-8-mai-im-bundeskanzleramt\\\/\"},\"wordCount\":172,\"publisher\":{\"@id\":\"https:\\\/\\\/www.daniellespera.at\\\/#\\\/schema\\\/person\\\/32fc96e7396e16ee31872bced4c27626\"},\"image\":{\"@id\":\"https:\\\/\\\/www.daniellespera.at\\\/moderation-gedenken-an-das-ende-des-weltkrieges-am-8-mai-im-bundeskanzleramt\\\/#primaryimage\"},\"thumbnailUrl\":\"https:\\\/\\\/www.daniellespera.at\\\/wp-content\\\/uploads\\\/2024\\\/05\\\/WhatsApp-Image-2024-05-10-at-15.05.449-e1715346728569.jpeg\",\"articleSection\":[\"Allgemein\",\"Bundeskanzleramt\",\"Erinnerungskultur\",\"Gedenken\",\"Moderation\"],\"inLanguage\":\"en-US\"},{\"@type\":\"WebPage\",\"@id\":\"https:\\\/\\\/www.daniellespera.at\\\/moderation-gedenken-an-das-ende-des-weltkrieges-am-8-mai-im-bundeskanzleramt\\\/\",\"url\":\"https:\\\/\\\/www.daniellespera.at\\\/moderation-gedenken-an-das-ende-des-weltkrieges-am-8-mai-im-bundeskanzleramt\\\/\",\"name\":\"Danielle Spera - Moderation Gedenken an das Ende des Weltkrieges am 8. Mai im Bundeskanzleramt\",\"isPartOf\":{\"@id\":\"https:\\\/\\\/www.daniellespera.at\\\/#website\"},\"primaryImageOfPage\":{\"@id\":\"https:\\\/\\\/www.daniellespera.at\\\/moderation-gedenken-an-das-ende-des-weltkrieges-am-8-mai-im-bundeskanzleramt\\\/#primaryimage\"},\"image\":{\"@id\":\"https:\\\/\\\/www.daniellespera.at\\\/moderation-gedenken-an-das-ende-des-weltkrieges-am-8-mai-im-bundeskanzleramt\\\/#primaryimage\"},\"thumbnailUrl\":\"https:\\\/\\\/www.daniellespera.at\\\/wp-content\\\/uploads\\\/2024\\\/05\\\/WhatsApp-Image-2024-05-10-at-15.05.449-e1715346728569.jpeg\",\"datePublished\":\"2024-05-10T13:12:25+00:00\",\"dateModified\":\"2024-05-10T13:14:40+00:00\",\"breadcrumb\":{\"@id\":\"https:\\\/\\\/www.daniellespera.at\\\/moderation-gedenken-an-das-ende-des-weltkrieges-am-8-mai-im-bundeskanzleramt\\\/#breadcrumb\"},\"inLanguage\":\"en-US\",\"potentialAction\":[{\"@type\":\"ReadAction\",\"target\":[\"https:\\\/\\\/www.daniellespera.at\\\/moderation-gedenken-an-das-ende-des-weltkrieges-am-8-mai-im-bundeskanzleramt\\\/\"]}]},{\"@type\":\"ImageObject\",\"inLanguage\":\"en-US\",\"@id\":\"https:\\\/\\\/www.daniellespera.at\\\/moderation-gedenken-an-das-ende-des-weltkrieges-am-8-mai-im-bundeskanzleramt\\\/#primaryimage\",\"url\":\"https:\\\/\\\/www.daniellespera.at\\\/wp-content\\\/uploads\\\/2024\\\/05\\\/WhatsApp-Image-2024-05-10-at-15.05.449-e1715346728569.jpeg\",\"contentUrl\":\"https:\\\/\\\/www.daniellespera.at\\\/wp-content\\\/uploads\\\/2024\\\/05\\\/WhatsApp-Image-2024-05-10-at-15.05.449-e1715346728569.jpeg\",\"width\":1200,\"height\":957},{\"@type\":\"BreadcrumbList\",\"@id\":\"https:\\\/\\\/www.daniellespera.at\\\/moderation-gedenken-an-das-ende-des-weltkrieges-am-8-mai-im-bundeskanzleramt\\\/#breadcrumb\",\"itemListElement\":[{\"@type\":\"ListItem\",\"position\":1,\"name\":\"Home\",\"item\":\"https:\\\/\\\/www.daniellespera.at\\\/\"},{\"@type\":\"ListItem\",\"position\":2,\"name\":\"Moderation Gedenken an das Ende des Weltkrieges am 8. Mai im Bundeskanzleramt\"}]},{\"@type\":\"WebSite\",\"@id\":\"https:\\\/\\\/www.daniellespera.at\\\/#website\",\"url\":\"https:\\\/\\\/www.daniellespera.at\\\/\",\"name\":\"Danielle Spera\",\"description\":\"\",\"publisher\":{\"@id\":\"https:\\\/\\\/www.daniellespera.at\\\/#\\\/schema\\\/person\\\/32fc96e7396e16ee31872bced4c27626\"},\"potentialAction\":[{\"@type\":\"SearchAction\",\"target\":{\"@type\":\"EntryPoint\",\"urlTemplate\":\"https:\\\/\\\/www.daniellespera.at\\\/?s={search_term_string}\"},\"query-input\":{\"@type\":\"PropertyValueSpecification\",\"valueRequired\":true,\"valueName\":\"search_term_string\"}}],\"inLanguage\":\"en-US\"},{\"@type\":[\"Person\",\"Organization\"],\"@id\":\"https:\\\/\\\/www.daniellespera.at\\\/#\\\/schema\\\/person\\\/32fc96e7396e16ee31872bced4c27626\",\"name\":\"Danielle Spera\",\"image\":{\"@type\":\"ImageObject\",\"inLanguage\":\"en-US\",\"@id\":\"https:\\\/\\\/www.daniellespera.at\\\/wp-content\\\/uploads\\\/2023\\\/05\\\/Danielle_Spera_c_Sima-Prodinger-1-scaled.jpg\",\"url\":\"https:\\\/\\\/www.daniellespera.at\\\/wp-content\\\/uploads\\\/2023\\\/05\\\/Danielle_Spera_c_Sima-Prodinger-1-scaled.jpg\",\"contentUrl\":\"https:\\\/\\\/www.daniellespera.at\\\/wp-content\\\/uploads\\\/2023\\\/05\\\/Danielle_Spera_c_Sima-Prodinger-1-scaled.jpg\",\"width\":1707,\"height\":2560,\"caption\":\"Danielle Spera\"},\"logo\":{\"@id\":\"https:\\\/\\\/www.daniellespera.at\\\/wp-content\\\/uploads\\\/2023\\\/05\\\/Danielle_Spera_c_Sima-Prodinger-1-scaled.jpg\"},\"sameAs\":[\"https:\\\/\\\/x.com\\\/daniellespera\"],\"url\":\"https:\\\/\\\/www.daniellespera.at\\\/en\\\/author\\\/daniellespera\\\/\"}]}<\/script>\n<!-- \/ Yoast SEO plugin. -->","yoast_head_json":{"title":"Danielle Spera - Moderation Gedenken an das Ende des Weltkrieges am 8. Mai im Bundeskanzleramt","robots":{"index":"index","follow":"follow","max-snippet":"max-snippet:-1","max-image-preview":"max-image-preview:large","max-video-preview":"max-video-preview:-1"},"canonical":"https:\/\/www.daniellespera.at\/en\/moderation-gedenken-an-das-ende-des-weltkrieges-am-8-mai-im-bundeskanzleramt\/","og_locale":"en_US","og_type":"article","og_title":"Danielle Spera - Moderation Gedenken an das Ende des Weltkrieges am 8. Mai im Bundeskanzleramt","og_description":"Dieses Jahr hatte ich erneut die Ehre, an der Gedenkveranstaltung des Bundeskanzleramts teilzunehmen und als Moderatorin durch den Festakt zu f\u00fchren, der live in ORF II ausgestrahlt wurde. Heute von 79 Jahren, am 8. Mai 1945, endete der Zweite Weltkrieg in Europa durch die bedingungslose Kapitulation des nationalsozialistischen Deutschland. An diesem Gedenktag erinnern wir uns [&hellip;]","og_url":"https:\/\/www.daniellespera.at\/en\/moderation-gedenken-an-das-ende-des-weltkrieges-am-8-mai-im-bundeskanzleramt\/","og_site_name":"Danielle Spera","article_published_time":"2024-05-10T13:12:25+00:00","article_modified_time":"2024-05-10T13:14:40+00:00","og_image":[{"width":1200,"height":957,"url":"https:\/\/www.daniellespera.at\/wp-content\/uploads\/2024\/05\/WhatsApp-Image-2024-05-10-at-15.05.449-e1715346728569.jpeg","type":"image\/jpeg"}],"author":"Danielle Spera","twitter_card":"summary_large_image","twitter_creator":"@daniellespera","twitter_site":"@daniellespera","twitter_misc":{"Written by":"Danielle Spera","Est. reading time":"2 minutes"},"schema":{"@context":"https:\/\/schema.org","@graph":[{"@type":"Article","@id":"https:\/\/www.daniellespera.at\/moderation-gedenken-an-das-ende-des-weltkrieges-am-8-mai-im-bundeskanzleramt\/#article","isPartOf":{"@id":"https:\/\/www.daniellespera.at\/moderation-gedenken-an-das-ende-des-weltkrieges-am-8-mai-im-bundeskanzleramt\/"},"author":{"name":"Danielle Spera","@id":"https:\/\/www.daniellespera.at\/#\/schema\/person\/32fc96e7396e16ee31872bced4c27626"},"headline":"Moderation Gedenken an das Ende des Weltkrieges am 8. Mai im Bundeskanzleramt","datePublished":"2024-05-10T13:12:25+00:00","dateModified":"2024-05-10T13:14:40+00:00","mainEntityOfPage":{"@id":"https:\/\/www.daniellespera.at\/moderation-gedenken-an-das-ende-des-weltkrieges-am-8-mai-im-bundeskanzleramt\/"},"wordCount":172,"publisher":{"@id":"https:\/\/www.daniellespera.at\/#\/schema\/person\/32fc96e7396e16ee31872bced4c27626"},"image":{"@id":"https:\/\/www.daniellespera.at\/moderation-gedenken-an-das-ende-des-weltkrieges-am-8-mai-im-bundeskanzleramt\/#primaryimage"},"thumbnailUrl":"https:\/\/www.daniellespera.at\/wp-content\/uploads\/2024\/05\/WhatsApp-Image-2024-05-10-at-15.05.449-e1715346728569.jpeg","articleSection":["Allgemein","Bundeskanzleramt","Erinnerungskultur","Gedenken","Moderation"],"inLanguage":"en-US"},{"@type":"WebPage","@id":"https:\/\/www.daniellespera.at\/moderation-gedenken-an-das-ende-des-weltkrieges-am-8-mai-im-bundeskanzleramt\/","url":"https:\/\/www.daniellespera.at\/moderation-gedenken-an-das-ende-des-weltkrieges-am-8-mai-im-bundeskanzleramt\/","name":"Danielle Spera - Moderation Gedenken an das Ende des Weltkrieges am 8. Mai im Bundeskanzleramt","isPartOf":{"@id":"https:\/\/www.daniellespera.at\/#website"},"primaryImageOfPage":{"@id":"https:\/\/www.daniellespera.at\/moderation-gedenken-an-das-ende-des-weltkrieges-am-8-mai-im-bundeskanzleramt\/#primaryimage"},"image":{"@id":"https:\/\/www.daniellespera.at\/moderation-gedenken-an-das-ende-des-weltkrieges-am-8-mai-im-bundeskanzleramt\/#primaryimage"},"thumbnailUrl":"https:\/\/www.daniellespera.at\/wp-content\/uploads\/2024\/05\/WhatsApp-Image-2024-05-10-at-15.05.449-e1715346728569.jpeg","datePublished":"2024-05-10T13:12:25+00:00","dateModified":"2024-05-10T13:14:40+00:00","breadcrumb":{"@id":"https:\/\/www.daniellespera.at\/moderation-gedenken-an-das-ende-des-weltkrieges-am-8-mai-im-bundeskanzleramt\/#breadcrumb"},"inLanguage":"en-US","potentialAction":[{"@type":"ReadAction","target":["https:\/\/www.daniellespera.at\/moderation-gedenken-an-das-ende-des-weltkrieges-am-8-mai-im-bundeskanzleramt\/"]}]},{"@type":"ImageObject","inLanguage":"en-US","@id":"https:\/\/www.daniellespera.at\/moderation-gedenken-an-das-ende-des-weltkrieges-am-8-mai-im-bundeskanzleramt\/#primaryimage","url":"https:\/\/www.daniellespera.at\/wp-content\/uploads\/2024\/05\/WhatsApp-Image-2024-05-10-at-15.05.449-e1715346728569.jpeg","contentUrl":"https:\/\/www.daniellespera.at\/wp-content\/uploads\/2024\/05\/WhatsApp-Image-2024-05-10-at-15.05.449-e1715346728569.jpeg","width":1200,"height":957},{"@type":"BreadcrumbList","@id":"https:\/\/www.daniellespera.at\/moderation-gedenken-an-das-ende-des-weltkrieges-am-8-mai-im-bundeskanzleramt\/#breadcrumb","itemListElement":[{"@type":"ListItem","position":1,"name":"Home","item":"https:\/\/www.daniellespera.at\/"},{"@type":"ListItem","position":2,"name":"Moderation Gedenken an das Ende des Weltkrieges am 8. Mai im Bundeskanzleramt"}]},{"@type":"WebSite","@id":"https:\/\/www.daniellespera.at\/#website","url":"https:\/\/www.daniellespera.at\/","name":"Danielle Spera","description":"","publisher":{"@id":"https:\/\/www.daniellespera.at\/#\/schema\/person\/32fc96e7396e16ee31872bced4c27626"},"potentialAction":[{"@type":"SearchAction","target":{"@type":"EntryPoint","urlTemplate":"https:\/\/www.daniellespera.at\/?s={search_term_string}"},"query-input":{"@type":"PropertyValueSpecification","valueRequired":true,"valueName":"search_term_string"}}],"inLanguage":"en-US"},{"@type":["Person","Organization"],"@id":"https:\/\/www.daniellespera.at\/#\/schema\/person\/32fc96e7396e16ee31872bced4c27626","name":"Danielle Spera","image":{"@type":"ImageObject","inLanguage":"en-US","@id":"https:\/\/www.daniellespera.at\/wp-content\/uploads\/2023\/05\/Danielle_Spera_c_Sima-Prodinger-1-scaled.jpg","url":"https:\/\/www.daniellespera.at\/wp-content\/uploads\/2023\/05\/Danielle_Spera_c_Sima-Prodinger-1-scaled.jpg","contentUrl":"https:\/\/www.daniellespera.at\/wp-content\/uploads\/2023\/05\/Danielle_Spera_c_Sima-Prodinger-1-scaled.jpg","width":1707,"height":2560,"caption":"Danielle Spera"},"logo":{"@id":"https:\/\/www.daniellespera.at\/wp-content\/uploads\/2023\/05\/Danielle_Spera_c_Sima-Prodinger-1-scaled.jpg"},"sameAs":["https:\/\/x.com\/daniellespera"],"url":"https:\/\/www.daniellespera.at\/en\/author\/daniellespera\/"}]}},"_links":{"self":[{"href":"https:\/\/www.daniellespera.at\/en\/wp-json\/wp\/v2\/posts\/2710","targetHints":{"allow":["GET"]}}],"collection":[{"href":"https:\/\/www.daniellespera.at\/en\/wp-json\/wp\/v2\/posts"}],"about":[{"href":"https:\/\/www.daniellespera.at\/en\/wp-json\/wp\/v2\/types\/post"}],"author":[{"embeddable":true,"href":"https:\/\/www.daniellespera.at\/en\/wp-json\/wp\/v2\/users\/2"}],"replies":[{"embeddable":true,"href":"https:\/\/www.daniellespera.at\/en\/wp-json\/wp\/v2\/comments?post=2710"}],"version-history":[{"count":11,"href":"https:\/\/www.daniellespera.at\/en\/wp-json\/wp\/v2\/posts\/2710\/revisions"}],"predecessor-version":[{"id":2753,"href":"https:\/\/www.daniellespera.at\/en\/wp-json\/wp\/v2\/posts\/2710\/revisions\/2753"}],"wp:featuredmedia":[{"embeddable":true,"href":"https:\/\/www.daniellespera.at\/en\/wp-json\/wp\/v2\/media\/2734"}],"wp:attachment":[{"href":"https:\/\/www.daniellespera.at\/en\/wp-json\/wp\/v2\/media?parent=2710"}],"wp:term":[{"taxonomy":"category","embeddable":true,"href":"https:\/\/www.daniellespera.at\/en\/wp-json\/wp\/v2\/categories?post=2710"},{"taxonomy":"post_tag","embeddable":true,"href":"https:\/\/www.daniellespera.at\/en\/wp-json\/wp\/v2\/tags?post=2710"}],"curies":[{"name":"wp","href":"https:\/\/api.w.org\/{rel}","templated":true}]}}