{"id":2859,"date":"2024-10-08T22:18:09","date_gmt":"2024-10-08T20:18:09","guid":{"rendered":"https:\/\/www.daniellespera.at\/?p=2859"},"modified":"2024-10-21T11:16:50","modified_gmt":"2024-10-21T09:16:50","slug":"jahrestag_7-oktober-2023","status":"publish","type":"post","link":"https:\/\/www.daniellespera.at\/en\/jahrestag_7-oktober-2023\/","title":{"rendered":"1. Jahrestag des Hamas-Terrors vom 7. Oktober 2023"},"content":{"rendered":"<div data-elementor-type=\"wp-post\" data-elementor-id=\"2859\" class=\"elementor elementor-2859\">\n\t\t\t\t\t\t<section class=\"elementor-section elementor-top-section elementor-element elementor-element-ec43ffc elementor-section-boxed elementor-section-height-default elementor-section-height-default\" data-id=\"ec43ffc\" data-element_type=\"section\" data-e-type=\"section\">\n\t\t\t\t\t\t<div class=\"elementor-container elementor-column-gap-default\">\n\t\t\t\t\t<div class=\"aux-parallax-section elementor-column elementor-col-100 elementor-top-column elementor-element elementor-element-9a14f7f\" data-id=\"9a14f7f\" data-element_type=\"column\" data-e-type=\"column\">\n\t\t\t<div class=\"elementor-widget-wrap elementor-element-populated\">\n\t\t\t\t\t\t<div class=\"elementor-element elementor-element-fe30127 elementor-widget elementor-widget-text-editor\" data-id=\"fe30127\" data-element_type=\"widget\" data-e-type=\"widget\" data-widget_type=\"text-editor.default\">\n\t\t\t\t<div class=\"elementor-widget-container\">\n\t\t\t\t\t\t\t\t\t<p>Der 7. Oktober 2023 war ein Schock nicht nur in Israel, sondern auch f\u00fcr J\u00fcdinnen und Juden rund um die Welt. Es war f\u00fcr uns alle unvorstellbar, dass ein Massaker in diesem Ausma\u00df passieren k\u00f6nnte. Dieses Massaker hat eine Wunde hinterlassen, die ein Jahr danach noch nicht geheilt ist und wahrscheinlich nie heilen wird.<\/p><p>Anl\u00e4sslich des ersten Jahrestages wurde ich in drei Sendungen eingeladen, um \u00fcber den Tag, der Israel ersch\u00fcttert hat und die Geschehnisse seither zu sprechen.<\/p><p>\u00a0<\/p><p>Bei Puls24 habe ich \u00fcber den 7. Oktober 2023 berichtet und eingeordnet wie sich Nahost-Konflikt seitdem entwickelt hat und welche Auswirkungen dieser auch in \u00d6sterreich hat. <br \/><br \/><br \/><br \/><\/p><p>Bei Isabelle Daniel durfte ich gemeinsam mit Daniela, Ehefrau eines IDF Soldaten und <span class=\"BxUVEf ILfuVd\" lang=\"de\"><span class=\"hgKElc\">Brigadier Sandtner \u00fcber den Krieg in der Region und wie sich Israel seither ver\u00e4ndert hat diskutieren. <\/span><\/span><\/p><p>\u00a0<\/p><p>In der Sendung &#8222;Kultur heute&#8220; auf ORFIII sprach ich dar\u00fcber wie es \u00fcberhaupt m\u00f6glich ist, in Zeiten des Krieges an Kultur zu denken und wie die israelische Kulturlandschaft mit dem Trauma umgeht, das der Angriff der Hamas am 7. Oktober 2023 ausgel\u00f6st hat.<\/p><p>\u00a0<\/p><p>\u00a0<\/p><p>\u00a0<\/p>\t\t\t\t\t\t\t\t<\/div>\n\t\t\t\t<\/div>\n\t\t\t\t<div class=\"elementor-element elementor-element-f8d0f06 elementor-widget elementor-widget-button\" data-id=\"f8d0f06\" data-element_type=\"widget\" data-e-type=\"widget\" data-widget_type=\"button.default\">\n\t\t\t\t<div class=\"elementor-widget-container\">\n\t\t\t\t\t\t\t\t\t<div class=\"elementor-button-wrapper\">\n\t\t\t\t\t<a class=\"elementor-button elementor-button-link elementor-size-sm\" href=\"\">\n\t\t\t\t\t\t<span class=\"elementor-button-content-wrapper\">\n\t\t\t\t\t\t\t\t\t<span class=\"elementor-button-text\">Beitrag Puls 24<\/span>\n\t\t\t\t\t<\/span>\n\t\t\t\t\t<\/a>\n\t\t\t\t<\/div>\n\t\t\t\t\t\t\t\t<\/div>\n\t\t\t\t<\/div>\n\t\t\t\t\t<\/div>\n\t\t<\/div>\n\t\t\t\t\t<\/div>\n\t\t<\/section>\n\t\t\t\t<section class=\"elementor-section elementor-top-section elementor-element elementor-element-2781eaf elementor-section-boxed elementor-section-height-default elementor-section-height-default\" data-id=\"2781eaf\" data-element_type=\"section\" data-e-type=\"section\">\n\t\t\t\t\t\t<div class=\"elementor-container elementor-column-gap-default\">\n\t\t\t\t\t<div class=\"aux-parallax-section elementor-column elementor-col-100 elementor-top-column elementor-element elementor-element-7dcd5fc\" data-id=\"7dcd5fc\" data-element_type=\"column\" data-e-type=\"column\">\n\t\t\t<div class=\"elementor-widget-wrap elementor-element-populated\">\n\t\t\t\t\t\t<div class=\"elementor-element elementor-element-c108790 elementor-widget elementor-widget-button\" data-id=\"c108790\" data-element_type=\"widget\" data-e-type=\"widget\" data-widget_type=\"button.default\">\n\t\t\t\t<div class=\"elementor-widget-container\">\n\t\t\t\t\t\t\t\t\t<div class=\"elementor-button-wrapper\">\n\t\t\t\t\t<a class=\"elementor-button elementor-button-link elementor-size-sm\" href=\"\">\n\t\t\t\t\t\t<span class=\"elementor-button-content-wrapper\">\n\t\t\t\t\t\t\t\t\t<span class=\"elementor-button-text\">Beitrag Oe24<\/span>\n\t\t\t\t\t<\/span>\n\t\t\t\t\t<\/a>\n\t\t\t\t<\/div>\n\t\t\t\t\t\t\t\t<\/div>\n\t\t\t\t<\/div>\n\t\t\t\t\t<\/div>\n\t\t<\/div>\n\t\t\t\t\t<\/div>\n\t\t<\/section>\n\t\t\t\t<section class=\"elementor-section elementor-top-section elementor-element elementor-element-94eb24a elementor-section-boxed elementor-section-height-default elementor-section-height-default\" data-id=\"94eb24a\" data-element_type=\"section\" data-e-type=\"section\">\n\t\t\t\t\t\t<div class=\"elementor-container elementor-column-gap-default\">\n\t\t\t\t\t<div class=\"aux-parallax-section elementor-column elementor-col-100 elementor-top-column elementor-element elementor-element-9055569\" data-id=\"9055569\" data-element_type=\"column\" data-e-type=\"column\">\n\t\t\t<div class=\"elementor-widget-wrap elementor-element-populated\">\n\t\t\t\t\t\t<div class=\"elementor-element elementor-element-8030b64 elementor-widget elementor-widget-button\" data-id=\"8030b64\" data-element_type=\"widget\" data-e-type=\"widget\" data-widget_type=\"button.default\">\n\t\t\t\t<div class=\"elementor-widget-container\">\n\t\t\t\t\t\t\t\t\t<div class=\"elementor-button-wrapper\">\n\t\t\t\t\t<a class=\"elementor-button elementor-button-link elementor-size-sm\" href=\"\">\n\t\t\t\t\t\t<span class=\"elementor-button-content-wrapper\">\n\t\t\t\t\t\t\t\t\t<span class=\"elementor-button-text\">Beitrag Kultur heute<\/span>\n\t\t\t\t\t<\/span>\n\t\t\t\t\t<\/a>\n\t\t\t\t<\/div>\n\t\t\t\t\t\t\t\t<\/div>\n\t\t\t\t<\/div>\n\t\t\t\t\t<\/div>\n\t\t<\/div>\n\t\t\t\t\t<\/div>\n\t\t<\/section>\n\t\t\t\t<\/div>","protected":false},"excerpt":{"rendered":"<p>Der 7. Oktober 2023 war ein Schock nicht nur in Israel, sondern auch f\u00fcr J\u00fcdinnen und Juden rund um die Welt. Es war f\u00fcr uns alle unvorstellbar, dass ein Massaker in diesem Ausma\u00df passieren k\u00f6nnte. Dieses Massaker hat eine Wunde hinterlassen, die ein Jahr danach noch nicht geheilt ist und wahrscheinlich nie heilen wird. Anl\u00e4sslich [&hellip;]<\/p>\n","protected":false},"author":2,"featured_media":2904,"comment_status":"closed","ping_status":"closed","sticky":false,"template":"","format":"standard","meta":{"footnotes":""},"categories":[1,85,121,19,38],"tags":[140,138,122,141,139,136,27,96,137],"class_list":["post-2859","post","type-post","status-publish","format-standard","has-post-thumbnail","hentry","category-allgemein","category-internationales","category-israel","category-sendungen","category-zu-gast","tag-bringthemhomenow","tag-7-oktober","tag-bring-them-home-now","tag-gaza","tag-gedenken","tag-hammasterror","tag-israel","tag-krieg","tag-terroranschlag"],"yoast_head":"<!-- This site is optimized with the Yoast SEO plugin v27.5 - https:\/\/yoast.com\/product\/yoast-seo-wordpress\/ -->\n<title>Danielle Spera - 1. Jahrestag des Hamas-Terrors vom 7. Oktober 2023<\/title>\n<meta name=\"robots\" content=\"index, follow, max-snippet:-1, max-image-preview:large, max-video-preview:-1\" \/>\n<link rel=\"canonical\" href=\"https:\/\/www.daniellespera.at\/en\/jahrestag_7-oktober-2023\/\" \/>\n<meta property=\"og:locale\" content=\"en_US\" \/>\n<meta property=\"og:type\" content=\"article\" \/>\n<meta property=\"og:title\" content=\"Danielle Spera - 1. Jahrestag des Hamas-Terrors vom 7. Oktober 2023\" \/>\n<meta property=\"og:description\" content=\"Der 7. Oktober 2023 war ein Schock nicht nur in Israel, sondern auch f\u00fcr J\u00fcdinnen und Juden rund um die Welt. Es war f\u00fcr uns alle unvorstellbar, dass ein Massaker in diesem Ausma\u00df passieren k\u00f6nnte. Dieses Massaker hat eine Wunde hinterlassen, die ein Jahr danach noch nicht geheilt ist und wahrscheinlich nie heilen wird. Anl\u00e4sslich [&hellip;]\" \/>\n<meta property=\"og:url\" content=\"https:\/\/www.daniellespera.at\/en\/jahrestag_7-oktober-2023\/\" \/>\n<meta property=\"og:site_name\" content=\"Danielle Spera\" \/>\n<meta property=\"article:published_time\" content=\"2024-10-08T20:18:09+00:00\" \/>\n<meta property=\"article:modified_time\" content=\"2024-10-21T09:16:50+00:00\" \/>\n<meta property=\"og:image\" content=\"https:\/\/www.daniellespera.at\/wp-content\/uploads\/2024\/10\/Bild1.png\" \/>\n\t<meta property=\"og:image:width\" content=\"605\" \/>\n\t<meta property=\"og:image:height\" content=\"343\" \/>\n\t<meta property=\"og:image:type\" content=\"image\/png\" \/>\n<meta name=\"author\" content=\"Danielle Spera\" \/>\n<meta name=\"twitter:card\" content=\"summary_large_image\" \/>\n<meta name=\"twitter:creator\" content=\"@daniellespera\" \/>\n<meta name=\"twitter:site\" content=\"@daniellespera\" \/>\n<meta name=\"twitter:label1\" content=\"Written by\" \/>\n\t<meta name=\"twitter:data1\" content=\"Danielle Spera\" \/>\n\t<meta name=\"twitter:label2\" content=\"Est. reading time\" \/>\n\t<meta name=\"twitter:data2\" content=\"2 minutes\" \/>\n<script type=\"application\/ld+json\" class=\"yoast-schema-graph\">{\"@context\":\"https:\\\/\\\/schema.org\",\"@graph\":[{\"@type\":\"Article\",\"@id\":\"https:\\\/\\\/www.daniellespera.at\\\/jahrestag_7-oktober-2023\\\/#article\",\"isPartOf\":{\"@id\":\"https:\\\/\\\/www.daniellespera.at\\\/jahrestag_7-oktober-2023\\\/\"},\"author\":{\"name\":\"Danielle Spera\",\"@id\":\"https:\\\/\\\/www.daniellespera.at\\\/#\\\/schema\\\/person\\\/32fc96e7396e16ee31872bced4c27626\"},\"headline\":\"1. Jahrestag des Hamas-Terrors vom 7. Oktober 2023\",\"datePublished\":\"2024-10-08T20:18:09+00:00\",\"dateModified\":\"2024-10-21T09:16:50+00:00\",\"mainEntityOfPage\":{\"@id\":\"https:\\\/\\\/www.daniellespera.at\\\/jahrestag_7-oktober-2023\\\/\"},\"wordCount\":192,\"publisher\":{\"@id\":\"https:\\\/\\\/www.daniellespera.at\\\/#\\\/schema\\\/person\\\/32fc96e7396e16ee31872bced4c27626\"},\"image\":{\"@id\":\"https:\\\/\\\/www.daniellespera.at\\\/jahrestag_7-oktober-2023\\\/#primaryimage\"},\"thumbnailUrl\":\"https:\\\/\\\/www.daniellespera.at\\\/wp-content\\\/uploads\\\/2024\\\/10\\\/Bild1.png\",\"keywords\":[\"#bringthemhomenow\",\"7. Oktober\",\"bring them home now\",\"Gaza\",\"Gedenken\",\"Hammasterror\",\"Israel\",\"Krieg\",\"Terroranschlag\"],\"articleSection\":[\"Allgemein\",\"Internationales\",\"Israel\",\"Sendungen\",\"Zu Gast\"],\"inLanguage\":\"en-US\"},{\"@type\":\"WebPage\",\"@id\":\"https:\\\/\\\/www.daniellespera.at\\\/jahrestag_7-oktober-2023\\\/\",\"url\":\"https:\\\/\\\/www.daniellespera.at\\\/jahrestag_7-oktober-2023\\\/\",\"name\":\"Danielle Spera - 1. Jahrestag des Hamas-Terrors vom 7. Oktober 2023\",\"isPartOf\":{\"@id\":\"https:\\\/\\\/www.daniellespera.at\\\/#website\"},\"primaryImageOfPage\":{\"@id\":\"https:\\\/\\\/www.daniellespera.at\\\/jahrestag_7-oktober-2023\\\/#primaryimage\"},\"image\":{\"@id\":\"https:\\\/\\\/www.daniellespera.at\\\/jahrestag_7-oktober-2023\\\/#primaryimage\"},\"thumbnailUrl\":\"https:\\\/\\\/www.daniellespera.at\\\/wp-content\\\/uploads\\\/2024\\\/10\\\/Bild1.png\",\"datePublished\":\"2024-10-08T20:18:09+00:00\",\"dateModified\":\"2024-10-21T09:16:50+00:00\",\"breadcrumb\":{\"@id\":\"https:\\\/\\\/www.daniellespera.at\\\/jahrestag_7-oktober-2023\\\/#breadcrumb\"},\"inLanguage\":\"en-US\",\"potentialAction\":[{\"@type\":\"ReadAction\",\"target\":[\"https:\\\/\\\/www.daniellespera.at\\\/jahrestag_7-oktober-2023\\\/\"]}]},{\"@type\":\"ImageObject\",\"inLanguage\":\"en-US\",\"@id\":\"https:\\\/\\\/www.daniellespera.at\\\/jahrestag_7-oktober-2023\\\/#primaryimage\",\"url\":\"https:\\\/\\\/www.daniellespera.at\\\/wp-content\\\/uploads\\\/2024\\\/10\\\/Bild1.png\",\"contentUrl\":\"https:\\\/\\\/www.daniellespera.at\\\/wp-content\\\/uploads\\\/2024\\\/10\\\/Bild1.png\",\"width\":605,\"height\":343},{\"@type\":\"BreadcrumbList\",\"@id\":\"https:\\\/\\\/www.daniellespera.at\\\/jahrestag_7-oktober-2023\\\/#breadcrumb\",\"itemListElement\":[{\"@type\":\"ListItem\",\"position\":1,\"name\":\"Home\",\"item\":\"https:\\\/\\\/www.daniellespera.at\\\/\"},{\"@type\":\"ListItem\",\"position\":2,\"name\":\"1. Jahrestag des Hamas-Terrors vom 7. Oktober 2023\"}]},{\"@type\":\"WebSite\",\"@id\":\"https:\\\/\\\/www.daniellespera.at\\\/#website\",\"url\":\"https:\\\/\\\/www.daniellespera.at\\\/\",\"name\":\"Danielle Spera\",\"description\":\"\",\"publisher\":{\"@id\":\"https:\\\/\\\/www.daniellespera.at\\\/#\\\/schema\\\/person\\\/32fc96e7396e16ee31872bced4c27626\"},\"potentialAction\":[{\"@type\":\"SearchAction\",\"target\":{\"@type\":\"EntryPoint\",\"urlTemplate\":\"https:\\\/\\\/www.daniellespera.at\\\/?s={search_term_string}\"},\"query-input\":{\"@type\":\"PropertyValueSpecification\",\"valueRequired\":true,\"valueName\":\"search_term_string\"}}],\"inLanguage\":\"en-US\"},{\"@type\":[\"Person\",\"Organization\"],\"@id\":\"https:\\\/\\\/www.daniellespera.at\\\/#\\\/schema\\\/person\\\/32fc96e7396e16ee31872bced4c27626\",\"name\":\"Danielle Spera\",\"image\":{\"@type\":\"ImageObject\",\"inLanguage\":\"en-US\",\"@id\":\"https:\\\/\\\/www.daniellespera.at\\\/wp-content\\\/uploads\\\/2023\\\/05\\\/Danielle_Spera_c_Sima-Prodinger-1-scaled.jpg\",\"url\":\"https:\\\/\\\/www.daniellespera.at\\\/wp-content\\\/uploads\\\/2023\\\/05\\\/Danielle_Spera_c_Sima-Prodinger-1-scaled.jpg\",\"contentUrl\":\"https:\\\/\\\/www.daniellespera.at\\\/wp-content\\\/uploads\\\/2023\\\/05\\\/Danielle_Spera_c_Sima-Prodinger-1-scaled.jpg\",\"width\":1707,\"height\":2560,\"caption\":\"Danielle Spera\"},\"logo\":{\"@id\":\"https:\\\/\\\/www.daniellespera.at\\\/wp-content\\\/uploads\\\/2023\\\/05\\\/Danielle_Spera_c_Sima-Prodinger-1-scaled.jpg\"},\"sameAs\":[\"https:\\\/\\\/x.com\\\/daniellespera\"],\"url\":\"https:\\\/\\\/www.daniellespera.at\\\/en\\\/author\\\/daniellespera\\\/\"}]}<\/script>\n<!-- \/ Yoast SEO plugin. -->","yoast_head_json":{"title":"Danielle Spera - 1. Jahrestag des Hamas-Terrors vom 7. Oktober 2023","robots":{"index":"index","follow":"follow","max-snippet":"max-snippet:-1","max-image-preview":"max-image-preview:large","max-video-preview":"max-video-preview:-1"},"canonical":"https:\/\/www.daniellespera.at\/en\/jahrestag_7-oktober-2023\/","og_locale":"en_US","og_type":"article","og_title":"Danielle Spera - 1. Jahrestag des Hamas-Terrors vom 7. Oktober 2023","og_description":"Der 7. Oktober 2023 war ein Schock nicht nur in Israel, sondern auch f\u00fcr J\u00fcdinnen und Juden rund um die Welt. Es war f\u00fcr uns alle unvorstellbar, dass ein Massaker in diesem Ausma\u00df passieren k\u00f6nnte. Dieses Massaker hat eine Wunde hinterlassen, die ein Jahr danach noch nicht geheilt ist und wahrscheinlich nie heilen wird. Anl\u00e4sslich [&hellip;]","og_url":"https:\/\/www.daniellespera.at\/en\/jahrestag_7-oktober-2023\/","og_site_name":"Danielle Spera","article_published_time":"2024-10-08T20:18:09+00:00","article_modified_time":"2024-10-21T09:16:50+00:00","og_image":[{"width":605,"height":343,"url":"https:\/\/www.daniellespera.at\/wp-content\/uploads\/2024\/10\/Bild1.png","type":"image\/png"}],"author":"Danielle Spera","twitter_card":"summary_large_image","twitter_creator":"@daniellespera","twitter_site":"@daniellespera","twitter_misc":{"Written by":"Danielle Spera","Est. reading time":"2 minutes"},"schema":{"@context":"https:\/\/schema.org","@graph":[{"@type":"Article","@id":"https:\/\/www.daniellespera.at\/jahrestag_7-oktober-2023\/#article","isPartOf":{"@id":"https:\/\/www.daniellespera.at\/jahrestag_7-oktober-2023\/"},"author":{"name":"Danielle Spera","@id":"https:\/\/www.daniellespera.at\/#\/schema\/person\/32fc96e7396e16ee31872bced4c27626"},"headline":"1. Jahrestag des Hamas-Terrors vom 7. Oktober 2023","datePublished":"2024-10-08T20:18:09+00:00","dateModified":"2024-10-21T09:16:50+00:00","mainEntityOfPage":{"@id":"https:\/\/www.daniellespera.at\/jahrestag_7-oktober-2023\/"},"wordCount":192,"publisher":{"@id":"https:\/\/www.daniellespera.at\/#\/schema\/person\/32fc96e7396e16ee31872bced4c27626"},"image":{"@id":"https:\/\/www.daniellespera.at\/jahrestag_7-oktober-2023\/#primaryimage"},"thumbnailUrl":"https:\/\/www.daniellespera.at\/wp-content\/uploads\/2024\/10\/Bild1.png","keywords":["#bringthemhomenow","7. Oktober","bring them home now","Gaza","Gedenken","Hammasterror","Israel","Krieg","Terroranschlag"],"articleSection":["Allgemein","Internationales","Israel","Sendungen","Zu Gast"],"inLanguage":"en-US"},{"@type":"WebPage","@id":"https:\/\/www.daniellespera.at\/jahrestag_7-oktober-2023\/","url":"https:\/\/www.daniellespera.at\/jahrestag_7-oktober-2023\/","name":"Danielle Spera - 1. Jahrestag des Hamas-Terrors vom 7. Oktober 2023","isPartOf":{"@id":"https:\/\/www.daniellespera.at\/#website"},"primaryImageOfPage":{"@id":"https:\/\/www.daniellespera.at\/jahrestag_7-oktober-2023\/#primaryimage"},"image":{"@id":"https:\/\/www.daniellespera.at\/jahrestag_7-oktober-2023\/#primaryimage"},"thumbnailUrl":"https:\/\/www.daniellespera.at\/wp-content\/uploads\/2024\/10\/Bild1.png","datePublished":"2024-10-08T20:18:09+00:00","dateModified":"2024-10-21T09:16:50+00:00","breadcrumb":{"@id":"https:\/\/www.daniellespera.at\/jahrestag_7-oktober-2023\/#breadcrumb"},"inLanguage":"en-US","potentialAction":[{"@type":"ReadAction","target":["https:\/\/www.daniellespera.at\/jahrestag_7-oktober-2023\/"]}]},{"@type":"ImageObject","inLanguage":"en-US","@id":"https:\/\/www.daniellespera.at\/jahrestag_7-oktober-2023\/#primaryimage","url":"https:\/\/www.daniellespera.at\/wp-content\/uploads\/2024\/10\/Bild1.png","contentUrl":"https:\/\/www.daniellespera.at\/wp-content\/uploads\/2024\/10\/Bild1.png","width":605,"height":343},{"@type":"BreadcrumbList","@id":"https:\/\/www.daniellespera.at\/jahrestag_7-oktober-2023\/#breadcrumb","itemListElement":[{"@type":"ListItem","position":1,"name":"Home","item":"https:\/\/www.daniellespera.at\/"},{"@type":"ListItem","position":2,"name":"1. Jahrestag des Hamas-Terrors vom 7. Oktober 2023"}]},{"@type":"WebSite","@id":"https:\/\/www.daniellespera.at\/#website","url":"https:\/\/www.daniellespera.at\/","name":"Danielle Spera","description":"","publisher":{"@id":"https:\/\/www.daniellespera.at\/#\/schema\/person\/32fc96e7396e16ee31872bced4c27626"},"potentialAction":[{"@type":"SearchAction","target":{"@type":"EntryPoint","urlTemplate":"https:\/\/www.daniellespera.at\/?s={search_term_string}"},"query-input":{"@type":"PropertyValueSpecification","valueRequired":true,"valueName":"search_term_string"}}],"inLanguage":"en-US"},{"@type":["Person","Organization"],"@id":"https:\/\/www.daniellespera.at\/#\/schema\/person\/32fc96e7396e16ee31872bced4c27626","name":"Danielle Spera","image":{"@type":"ImageObject","inLanguage":"en-US","@id":"https:\/\/www.daniellespera.at\/wp-content\/uploads\/2023\/05\/Danielle_Spera_c_Sima-Prodinger-1-scaled.jpg","url":"https:\/\/www.daniellespera.at\/wp-content\/uploads\/2023\/05\/Danielle_Spera_c_Sima-Prodinger-1-scaled.jpg","contentUrl":"https:\/\/www.daniellespera.at\/wp-content\/uploads\/2023\/05\/Danielle_Spera_c_Sima-Prodinger-1-scaled.jpg","width":1707,"height":2560,"caption":"Danielle Spera"},"logo":{"@id":"https:\/\/www.daniellespera.at\/wp-content\/uploads\/2023\/05\/Danielle_Spera_c_Sima-Prodinger-1-scaled.jpg"},"sameAs":["https:\/\/x.com\/daniellespera"],"url":"https:\/\/www.daniellespera.at\/en\/author\/daniellespera\/"}]}},"_links":{"self":[{"href":"https:\/\/www.daniellespera.at\/en\/wp-json\/wp\/v2\/posts\/2859","targetHints":{"allow":["GET"]}}],"collection":[{"href":"https:\/\/www.daniellespera.at\/en\/wp-json\/wp\/v2\/posts"}],"about":[{"href":"https:\/\/www.daniellespera.at\/en\/wp-json\/wp\/v2\/types\/post"}],"author":[{"embeddable":true,"href":"https:\/\/www.daniellespera.at\/en\/wp-json\/wp\/v2\/users\/2"}],"replies":[{"embeddable":true,"href":"https:\/\/www.daniellespera.at\/en\/wp-json\/wp\/v2\/comments?post=2859"}],"version-history":[{"count":44,"href":"https:\/\/www.daniellespera.at\/en\/wp-json\/wp\/v2\/posts\/2859\/revisions"}],"predecessor-version":[{"id":2941,"href":"https:\/\/www.daniellespera.at\/en\/wp-json\/wp\/v2\/posts\/2859\/revisions\/2941"}],"wp:featuredmedia":[{"embeddable":true,"href":"https:\/\/www.daniellespera.at\/en\/wp-json\/wp\/v2\/media\/2904"}],"wp:attachment":[{"href":"https:\/\/www.daniellespera.at\/en\/wp-json\/wp\/v2\/media?parent=2859"}],"wp:term":[{"taxonomy":"category","embeddable":true,"href":"https:\/\/www.daniellespera.at\/en\/wp-json\/wp\/v2\/categories?post=2859"},{"taxonomy":"post_tag","embeddable":true,"href":"https:\/\/www.daniellespera.at\/en\/wp-json\/wp\/v2\/tags?post=2859"}],"curies":[{"name":"wp","href":"https:\/\/api.w.org\/{rel}","templated":true}]}}