{"id":3019,"date":"2024-12-06T09:59:34","date_gmt":"2024-12-06T08:59:34","guid":{"rendered":"https:\/\/www.daniellespera.at\/?p=3019"},"modified":"2024-12-06T10:01:02","modified_gmt":"2024-12-06T09:01:02","slug":"dialog_academia_superior","status":"publish","type":"post","link":"https:\/\/www.daniellespera.at\/en\/dialog_academia_superior\/","title":{"rendered":"Dialog bei Academia Superior: Zwischen Fakten und Fake News &#8211; Medien und Gesellschaft im Wandel der Zeit"},"content":{"rendered":"<div data-elementor-type=\"wp-post\" data-elementor-id=\"3019\" class=\"elementor elementor-3019\">\n\t\t\t\t\t\t<section class=\"elementor-section elementor-top-section elementor-element elementor-element-7d0c228 elementor-section-boxed elementor-section-height-default elementor-section-height-default\" data-id=\"7d0c228\" data-element_type=\"section\" data-e-type=\"section\">\n\t\t\t\t\t\t<div class=\"elementor-container elementor-column-gap-default\">\n\t\t\t\t\t<div class=\"aux-parallax-section elementor-column elementor-col-100 elementor-top-column elementor-element elementor-element-ccfed0a\" data-id=\"ccfed0a\" data-element_type=\"column\" data-e-type=\"column\">\n\t\t\t<div class=\"elementor-widget-wrap elementor-element-populated\">\n\t\t\t\t\t\t<div class=\"elementor-element elementor-element-8d03036 elementor-widget elementor-widget-text-editor\" data-id=\"8d03036\" data-element_type=\"widget\" data-e-type=\"widget\" data-widget_type=\"text-editor.default\">\n\t\t\t\t<div class=\"elementor-widget-container\">\n\t\t\t\t\t\t\t\t\t<p>Am 5. Dezember 2024 hatte ich die Ehre, beim 24. DIALOG der ACADEMIA SUPERIOR im Linzer Schloss \u00fcber ein Thema zu sprechen, das mir besonders am Herzen liegt: <strong>\u201eZwischen Fakten und Fake News: Medien und Gesellschaft im Wandel der Zeit\u201c<\/strong>. ACADEMIA SUPERIOR, die Gesellschaft f\u00fcr Zukunftsforschung, wurde 2010 in Ober\u00f6sterreich gegr\u00fcndet, um zentrale Fragen der gesellschaftlichen Entwicklung zu analysieren, den Dialog zu f\u00f6rdern und nachhaltige L\u00f6sungen f\u00fcr die Herausforderungen der Zeit zu erarbeiten.<\/p><p>Die Veranstaltung wurde von <strong>LH-Stv. Mag. Christine Haberlander<\/strong>, der Obfrau der ACADEMIA SUPERIOR, er\u00f6ffnet. Sie betonte die Bedeutung des Dialogs in einer Zeit, in der laut Studien nur noch 35 % der \u00d6sterreicher:innen den Nachrichtenmedien vertrauen. <strong>Mag. Thomas Wolfsgruber<\/strong>, Vorstandsdirektor der HYPO Ober\u00f6sterreich, unterstrich in seinen Gru\u00dfworten die Wichtigkeit von Vertrauen und Partnerschaft, insbesondere in herausfordernden Zeiten.<\/p><p>Moderiert wurde der Abend von <strong>Univ.-Prof. Dr. Markus Hengstschl\u00e4ger<\/strong>, dem wissenschaftlichen Leiter der ACADEMIA SUPERIOR. In seiner Einf\u00fchrung stellte er mich als Journalistin mit \u00fcber 32 Jahren Erfahrung vor und w\u00fcrdigte meinen Einsatz f\u00fcr interkulturellen Dialog und meine Haltung, Br\u00fccken zu bauen, um gesellschaftliche Gr\u00e4ben zu \u00fcberwinden.<\/p><p>Im Zentrum des DIALOGs stand die Frage, wie Medien Verantwortung in einer zunehmend digitalen und polarisierten Welt \u00fcbernehmen k\u00f6nnen. Wie ich immer betone: Dialog ist kein Luxus, sondern eine Notwendigkeit. Nur durch den offenen Austausch k\u00f6nnen wir Br\u00fccken bauen, Polarisierungen abbauen und das Vertrauen in Nachrichten und Informationen st\u00e4rken. Medien haben dabei nicht nur die Aufgabe, zu informieren \u2013 sie pr\u00e4gen auch Werte und den gesellschaftlichen Zusammenhalt. Doch diese Verantwortung bringt Herausforderungen mit sich: von der wachsenden Rolle digitaler Plattformen bis hin zu der Gefahr, dass k\u00fcnstliche Intelligenz Authentizit\u00e4t untergr\u00e4bt.<\/p><p>F\u00fcr mich ist es von zentraler Bedeutung, Geschichten und Erfahrungen \u00fcber Generationen lebendig zu halten \u2013 ob in der Familie oder durch Museen, die als H\u00fcter unseres kulturellen Erbes eine unverzichtbare Rolle spielen. Gleichzeitig m\u00fcssen wir neue Medien und Technologien als Chance begreifen, die bestehende Vielfalt zu erg\u00e4nzen.<\/p><p>Ich bin \u00fcberzeugt, dass wir mit Neugier und Offenheit gemeinsam Herausforderungen bew\u00e4ltigen k\u00f6nnen. Meine Botschaft an Sie: Sehen wir die Vielfalt und den Dialog als Chance, unsere Gesellschaft zu bereichern und eine positive Zukunft zu gestalten. Mit den Worten von Shimon Peres: <em>\u201eOptimisten und Pessimisten m\u00fcssen beide sterben, aber Optimisten haben ein besseres Leben.\u201c<\/em><\/p><p><strong>Fotos (c) Academia Superior<\/strong><\/p><p>Bild oben: Mag. Thomas Wolfsgruber (Hypo O\u00d6), LH-Stv. Mag. Christine Haberlander (Obfrau Academia Superior), Dr. Danielle Spera, Univ.-Prof. Dr. Markus Hengstschl\u00e4ger (Wissenschaftlicher Leiter Academia Superior) <a href=\"https:\/\/www.academia-superior.at\/wp-content\/uploads\/2024\/12\/347A2030.jpg\">https:\/\/www.academia-superior.at\/wp-content\/uploads\/2024\/12\/347A2030.jpg<\/a><br \/><br \/>Bild unten: Dr. Danielle im Dialog mit Univ.-Prof. Dr. Markus Hengstschl\u00e4ger<\/p>\t\t\t\t\t\t\t\t<\/div>\n\t\t\t\t<\/div>\n\t\t\t\t\t<\/div>\n\t\t<\/div>\n\t\t\t\t\t<\/div>\n\t\t<\/section>\n\t\t\t\t<section class=\"elementor-section elementor-top-section elementor-element elementor-element-8dec37d elementor-section-boxed elementor-section-height-default elementor-section-height-default\" data-id=\"8dec37d\" data-element_type=\"section\" data-e-type=\"section\">\n\t\t\t\t\t\t<div class=\"elementor-container elementor-column-gap-default\">\n\t\t\t\t\t<div class=\"aux-parallax-section elementor-column elementor-col-100 elementor-top-column elementor-element elementor-element-a1ec181\" data-id=\"a1ec181\" data-element_type=\"column\" data-e-type=\"column\">\n\t\t\t<div class=\"elementor-widget-wrap elementor-element-populated\">\n\t\t\t\t\t\t<div class=\"elementor-element elementor-element-be0b9b2 elementor-widget elementor-widget-image\" data-id=\"be0b9b2\" data-element_type=\"widget\" data-e-type=\"widget\" data-widget_type=\"image.default\">\n\t\t\t\t<div class=\"elementor-widget-container\">\n\t\t\t\t\t\t\t\t\t\t\t\t\t\t\t<img fetchpriority=\"high\" decoding=\"async\" width=\"2560\" height=\"1707\" src=\"https:\/\/www.daniellespera.at\/wp-content\/uploads\/2024\/12\/347A2145-scaled.jpg\" class=\"attachment-full size-full wp-image-3026\" alt=\"Dr. Danielle im Dialog mit Univ.-Prof. Dr. Markus Hengstschl\u00e4ger (c) Academia Superior\" srcset=\"https:\/\/www.daniellespera.at\/wp-content\/uploads\/2024\/12\/347A2145-scaled.jpg 2560w, https:\/\/www.daniellespera.at\/wp-content\/uploads\/2024\/12\/347A2145-1536x1024.jpg 1536w, https:\/\/www.daniellespera.at\/wp-content\/uploads\/2024\/12\/347A2145-2048x1365.jpg 2048w, https:\/\/www.daniellespera.at\/wp-content\/uploads\/2024\/12\/347A2145-18x12.jpg 18w\" sizes=\"(max-width: 2560px) 100vw, 2560px\" \/>\t\t\t\t\t\t\t\t\t\t\t\t\t\t\t<\/div>\n\t\t\t\t<\/div>\n\t\t\t\t\t<\/div>\n\t\t<\/div>\n\t\t\t\t\t<\/div>\n\t\t<\/section>\n\t\t\t\t<\/div>","protected":false},"excerpt":{"rendered":"<p>Am 5. Dezember 2024 hatte ich die Ehre, beim 24. DIALOG der ACADEMIA SUPERIOR im Linzer Schloss \u00fcber ein Thema zu sprechen, das mir besonders am Herzen liegt: \u201eZwischen Fakten und Fake News: Medien und Gesellschaft im Wandel der Zeit\u201c. ACADEMIA SUPERIOR, die Gesellschaft f\u00fcr Zukunftsforschung, wurde 2010 in Ober\u00f6sterreich gegr\u00fcndet, um zentrale Fragen der [&hellip;]<\/p>\n","protected":false},"author":2,"featured_media":3036,"comment_status":"closed","ping_status":"closed","sticky":false,"template":"","format":"standard","meta":{"footnotes":""},"categories":[1,64,3,150,32,41,38],"tags":[152,99,151,154,153],"class_list":["post-3019","post","type-post","status-publish","format-standard","has-post-thumbnail","hentry","category-allgemein","category-bildung","category-business","category-dialog","category-veranstaltungen","category-vortrage","category-zu-gast","tag-academia-superior","tag-bildung","tag-dialog","tag-fake-news","tag-linz"],"yoast_head":"<!-- This site is optimized with the Yoast SEO plugin v27.5 - https:\/\/yoast.com\/product\/yoast-seo-wordpress\/ -->\n<title>Danielle Spera - Dialog bei Academia Superior: Zwischen Fakten und Fake News - Medien und Gesellschaft im Wandel der Zeit<\/title>\n<meta name=\"robots\" content=\"index, follow, max-snippet:-1, max-image-preview:large, max-video-preview:-1\" \/>\n<link rel=\"canonical\" href=\"https:\/\/www.daniellespera.at\/en\/dialog_academia_superior\/\" \/>\n<meta property=\"og:locale\" content=\"en_US\" \/>\n<meta property=\"og:type\" content=\"article\" \/>\n<meta property=\"og:title\" content=\"Danielle Spera - Dialog bei Academia Superior: Zwischen Fakten und Fake News - Medien und Gesellschaft im Wandel der Zeit\" \/>\n<meta property=\"og:description\" content=\"Am 5. Dezember 2024 hatte ich die Ehre, beim 24. DIALOG der ACADEMIA SUPERIOR im Linzer Schloss \u00fcber ein Thema zu sprechen, das mir besonders am Herzen liegt: \u201eZwischen Fakten und Fake News: Medien und Gesellschaft im Wandel der Zeit\u201c. ACADEMIA SUPERIOR, die Gesellschaft f\u00fcr Zukunftsforschung, wurde 2010 in Ober\u00f6sterreich gegr\u00fcndet, um zentrale Fragen der [&hellip;]\" \/>\n<meta property=\"og:url\" content=\"https:\/\/www.daniellespera.at\/en\/dialog_academia_superior\/\" \/>\n<meta property=\"og:site_name\" content=\"Danielle Spera\" \/>\n<meta property=\"article:published_time\" content=\"2024-12-06T08:59:34+00:00\" \/>\n<meta property=\"article:modified_time\" content=\"2024-12-06T09:01:02+00:00\" \/>\n<meta property=\"og:image\" content=\"https:\/\/www.daniellespera.at\/wp-content\/uploads\/2024\/12\/347A2030-scaled.jpg\" \/>\n\t<meta property=\"og:image:width\" content=\"2560\" \/>\n\t<meta property=\"og:image:height\" content=\"1707\" \/>\n\t<meta property=\"og:image:type\" content=\"image\/jpeg\" \/>\n<meta name=\"author\" content=\"Danielle Spera\" \/>\n<meta name=\"twitter:card\" content=\"summary_large_image\" \/>\n<meta name=\"twitter:creator\" content=\"@daniellespera\" \/>\n<meta name=\"twitter:site\" content=\"@daniellespera\" \/>\n<meta name=\"twitter:label1\" content=\"Written by\" \/>\n\t<meta name=\"twitter:data1\" content=\"Danielle Spera\" \/>\n\t<meta name=\"twitter:label2\" content=\"Est. reading time\" \/>\n\t<meta name=\"twitter:data2\" content=\"3 minutes\" \/>\n<script type=\"application\/ld+json\" class=\"yoast-schema-graph\">{\"@context\":\"https:\\\/\\\/schema.org\",\"@graph\":[{\"@type\":\"Article\",\"@id\":\"https:\\\/\\\/www.daniellespera.at\\\/dialog_academia_superior\\\/#article\",\"isPartOf\":{\"@id\":\"https:\\\/\\\/www.daniellespera.at\\\/dialog_academia_superior\\\/\"},\"author\":{\"name\":\"Danielle Spera\",\"@id\":\"https:\\\/\\\/www.daniellespera.at\\\/#\\\/schema\\\/person\\\/32fc96e7396e16ee31872bced4c27626\"},\"headline\":\"Dialog bei Academia Superior: Zwischen Fakten und Fake News &#8211; Medien und Gesellschaft im Wandel der Zeit\",\"datePublished\":\"2024-12-06T08:59:34+00:00\",\"dateModified\":\"2024-12-06T09:01:02+00:00\",\"mainEntityOfPage\":{\"@id\":\"https:\\\/\\\/www.daniellespera.at\\\/dialog_academia_superior\\\/\"},\"wordCount\":461,\"publisher\":{\"@id\":\"https:\\\/\\\/www.daniellespera.at\\\/#\\\/schema\\\/person\\\/32fc96e7396e16ee31872bced4c27626\"},\"image\":{\"@id\":\"https:\\\/\\\/www.daniellespera.at\\\/dialog_academia_superior\\\/#primaryimage\"},\"thumbnailUrl\":\"https:\\\/\\\/www.daniellespera.at\\\/wp-content\\\/uploads\\\/2024\\\/12\\\/347A2030-scaled.jpg\",\"keywords\":[\"Academia Superior\",\"Bildung\",\"Dialog\",\"Fake News\",\"Linz\"],\"articleSection\":[\"Allgemein\",\"Bildung\",\"BUSINESS\",\"Dialog\",\"Veranstaltungen\",\"Vortr\u00e4ge\",\"Zu Gast\"],\"inLanguage\":\"en-US\"},{\"@type\":\"WebPage\",\"@id\":\"https:\\\/\\\/www.daniellespera.at\\\/dialog_academia_superior\\\/\",\"url\":\"https:\\\/\\\/www.daniellespera.at\\\/dialog_academia_superior\\\/\",\"name\":\"Danielle Spera - Dialog bei Academia Superior: Zwischen Fakten und Fake News - Medien und Gesellschaft im Wandel der Zeit\",\"isPartOf\":{\"@id\":\"https:\\\/\\\/www.daniellespera.at\\\/#website\"},\"primaryImageOfPage\":{\"@id\":\"https:\\\/\\\/www.daniellespera.at\\\/dialog_academia_superior\\\/#primaryimage\"},\"image\":{\"@id\":\"https:\\\/\\\/www.daniellespera.at\\\/dialog_academia_superior\\\/#primaryimage\"},\"thumbnailUrl\":\"https:\\\/\\\/www.daniellespera.at\\\/wp-content\\\/uploads\\\/2024\\\/12\\\/347A2030-scaled.jpg\",\"datePublished\":\"2024-12-06T08:59:34+00:00\",\"dateModified\":\"2024-12-06T09:01:02+00:00\",\"breadcrumb\":{\"@id\":\"https:\\\/\\\/www.daniellespera.at\\\/dialog_academia_superior\\\/#breadcrumb\"},\"inLanguage\":\"en-US\",\"potentialAction\":[{\"@type\":\"ReadAction\",\"target\":[\"https:\\\/\\\/www.daniellespera.at\\\/dialog_academia_superior\\\/\"]}]},{\"@type\":\"ImageObject\",\"inLanguage\":\"en-US\",\"@id\":\"https:\\\/\\\/www.daniellespera.at\\\/dialog_academia_superior\\\/#primaryimage\",\"url\":\"https:\\\/\\\/www.daniellespera.at\\\/wp-content\\\/uploads\\\/2024\\\/12\\\/347A2030-scaled.jpg\",\"contentUrl\":\"https:\\\/\\\/www.daniellespera.at\\\/wp-content\\\/uploads\\\/2024\\\/12\\\/347A2030-scaled.jpg\",\"width\":2560,\"height\":1707},{\"@type\":\"BreadcrumbList\",\"@id\":\"https:\\\/\\\/www.daniellespera.at\\\/dialog_academia_superior\\\/#breadcrumb\",\"itemListElement\":[{\"@type\":\"ListItem\",\"position\":1,\"name\":\"Home\",\"item\":\"https:\\\/\\\/www.daniellespera.at\\\/\"},{\"@type\":\"ListItem\",\"position\":2,\"name\":\"Dialog bei Academia Superior: Zwischen Fakten und Fake News &#8211; Medien und Gesellschaft im Wandel der Zeit\"}]},{\"@type\":\"WebSite\",\"@id\":\"https:\\\/\\\/www.daniellespera.at\\\/#website\",\"url\":\"https:\\\/\\\/www.daniellespera.at\\\/\",\"name\":\"Danielle Spera\",\"description\":\"\",\"publisher\":{\"@id\":\"https:\\\/\\\/www.daniellespera.at\\\/#\\\/schema\\\/person\\\/32fc96e7396e16ee31872bced4c27626\"},\"potentialAction\":[{\"@type\":\"SearchAction\",\"target\":{\"@type\":\"EntryPoint\",\"urlTemplate\":\"https:\\\/\\\/www.daniellespera.at\\\/?s={search_term_string}\"},\"query-input\":{\"@type\":\"PropertyValueSpecification\",\"valueRequired\":true,\"valueName\":\"search_term_string\"}}],\"inLanguage\":\"en-US\"},{\"@type\":[\"Person\",\"Organization\"],\"@id\":\"https:\\\/\\\/www.daniellespera.at\\\/#\\\/schema\\\/person\\\/32fc96e7396e16ee31872bced4c27626\",\"name\":\"Danielle Spera\",\"image\":{\"@type\":\"ImageObject\",\"inLanguage\":\"en-US\",\"@id\":\"https:\\\/\\\/www.daniellespera.at\\\/wp-content\\\/uploads\\\/2023\\\/05\\\/Danielle_Spera_c_Sima-Prodinger-1-scaled.jpg\",\"url\":\"https:\\\/\\\/www.daniellespera.at\\\/wp-content\\\/uploads\\\/2023\\\/05\\\/Danielle_Spera_c_Sima-Prodinger-1-scaled.jpg\",\"contentUrl\":\"https:\\\/\\\/www.daniellespera.at\\\/wp-content\\\/uploads\\\/2023\\\/05\\\/Danielle_Spera_c_Sima-Prodinger-1-scaled.jpg\",\"width\":1707,\"height\":2560,\"caption\":\"Danielle Spera\"},\"logo\":{\"@id\":\"https:\\\/\\\/www.daniellespera.at\\\/wp-content\\\/uploads\\\/2023\\\/05\\\/Danielle_Spera_c_Sima-Prodinger-1-scaled.jpg\"},\"sameAs\":[\"https:\\\/\\\/x.com\\\/daniellespera\"],\"url\":\"https:\\\/\\\/www.daniellespera.at\\\/en\\\/author\\\/daniellespera\\\/\"}]}<\/script>\n<!-- \/ Yoast SEO plugin. -->","yoast_head_json":{"title":"Danielle Spera - Dialog bei Academia Superior: Zwischen Fakten und Fake News - Medien und Gesellschaft im Wandel der Zeit","robots":{"index":"index","follow":"follow","max-snippet":"max-snippet:-1","max-image-preview":"max-image-preview:large","max-video-preview":"max-video-preview:-1"},"canonical":"https:\/\/www.daniellespera.at\/en\/dialog_academia_superior\/","og_locale":"en_US","og_type":"article","og_title":"Danielle Spera - Dialog bei Academia Superior: Zwischen Fakten und Fake News - Medien und Gesellschaft im Wandel der Zeit","og_description":"Am 5. Dezember 2024 hatte ich die Ehre, beim 24. DIALOG der ACADEMIA SUPERIOR im Linzer Schloss \u00fcber ein Thema zu sprechen, das mir besonders am Herzen liegt: \u201eZwischen Fakten und Fake News: Medien und Gesellschaft im Wandel der Zeit\u201c. ACADEMIA SUPERIOR, die Gesellschaft f\u00fcr Zukunftsforschung, wurde 2010 in Ober\u00f6sterreich gegr\u00fcndet, um zentrale Fragen der [&hellip;]","og_url":"https:\/\/www.daniellespera.at\/en\/dialog_academia_superior\/","og_site_name":"Danielle Spera","article_published_time":"2024-12-06T08:59:34+00:00","article_modified_time":"2024-12-06T09:01:02+00:00","og_image":[{"width":2560,"height":1707,"url":"https:\/\/www.daniellespera.at\/wp-content\/uploads\/2024\/12\/347A2030-scaled.jpg","type":"image\/jpeg"}],"author":"Danielle Spera","twitter_card":"summary_large_image","twitter_creator":"@daniellespera","twitter_site":"@daniellespera","twitter_misc":{"Written by":"Danielle Spera","Est. reading time":"3 minutes"},"schema":{"@context":"https:\/\/schema.org","@graph":[{"@type":"Article","@id":"https:\/\/www.daniellespera.at\/dialog_academia_superior\/#article","isPartOf":{"@id":"https:\/\/www.daniellespera.at\/dialog_academia_superior\/"},"author":{"name":"Danielle Spera","@id":"https:\/\/www.daniellespera.at\/#\/schema\/person\/32fc96e7396e16ee31872bced4c27626"},"headline":"Dialog bei Academia Superior: Zwischen Fakten und Fake News &#8211; Medien und Gesellschaft im Wandel der Zeit","datePublished":"2024-12-06T08:59:34+00:00","dateModified":"2024-12-06T09:01:02+00:00","mainEntityOfPage":{"@id":"https:\/\/www.daniellespera.at\/dialog_academia_superior\/"},"wordCount":461,"publisher":{"@id":"https:\/\/www.daniellespera.at\/#\/schema\/person\/32fc96e7396e16ee31872bced4c27626"},"image":{"@id":"https:\/\/www.daniellespera.at\/dialog_academia_superior\/#primaryimage"},"thumbnailUrl":"https:\/\/www.daniellespera.at\/wp-content\/uploads\/2024\/12\/347A2030-scaled.jpg","keywords":["Academia Superior","Bildung","Dialog","Fake News","Linz"],"articleSection":["Allgemein","Bildung","BUSINESS","Dialog","Veranstaltungen","Vortr\u00e4ge","Zu Gast"],"inLanguage":"en-US"},{"@type":"WebPage","@id":"https:\/\/www.daniellespera.at\/dialog_academia_superior\/","url":"https:\/\/www.daniellespera.at\/dialog_academia_superior\/","name":"Danielle Spera - Dialog bei Academia Superior: Zwischen Fakten und Fake News - Medien und Gesellschaft im Wandel der Zeit","isPartOf":{"@id":"https:\/\/www.daniellespera.at\/#website"},"primaryImageOfPage":{"@id":"https:\/\/www.daniellespera.at\/dialog_academia_superior\/#primaryimage"},"image":{"@id":"https:\/\/www.daniellespera.at\/dialog_academia_superior\/#primaryimage"},"thumbnailUrl":"https:\/\/www.daniellespera.at\/wp-content\/uploads\/2024\/12\/347A2030-scaled.jpg","datePublished":"2024-12-06T08:59:34+00:00","dateModified":"2024-12-06T09:01:02+00:00","breadcrumb":{"@id":"https:\/\/www.daniellespera.at\/dialog_academia_superior\/#breadcrumb"},"inLanguage":"en-US","potentialAction":[{"@type":"ReadAction","target":["https:\/\/www.daniellespera.at\/dialog_academia_superior\/"]}]},{"@type":"ImageObject","inLanguage":"en-US","@id":"https:\/\/www.daniellespera.at\/dialog_academia_superior\/#primaryimage","url":"https:\/\/www.daniellespera.at\/wp-content\/uploads\/2024\/12\/347A2030-scaled.jpg","contentUrl":"https:\/\/www.daniellespera.at\/wp-content\/uploads\/2024\/12\/347A2030-scaled.jpg","width":2560,"height":1707},{"@type":"BreadcrumbList","@id":"https:\/\/www.daniellespera.at\/dialog_academia_superior\/#breadcrumb","itemListElement":[{"@type":"ListItem","position":1,"name":"Home","item":"https:\/\/www.daniellespera.at\/"},{"@type":"ListItem","position":2,"name":"Dialog bei Academia Superior: Zwischen Fakten und Fake News &#8211; Medien und Gesellschaft im Wandel der Zeit"}]},{"@type":"WebSite","@id":"https:\/\/www.daniellespera.at\/#website","url":"https:\/\/www.daniellespera.at\/","name":"Danielle Spera","description":"","publisher":{"@id":"https:\/\/www.daniellespera.at\/#\/schema\/person\/32fc96e7396e16ee31872bced4c27626"},"potentialAction":[{"@type":"SearchAction","target":{"@type":"EntryPoint","urlTemplate":"https:\/\/www.daniellespera.at\/?s={search_term_string}"},"query-input":{"@type":"PropertyValueSpecification","valueRequired":true,"valueName":"search_term_string"}}],"inLanguage":"en-US"},{"@type":["Person","Organization"],"@id":"https:\/\/www.daniellespera.at\/#\/schema\/person\/32fc96e7396e16ee31872bced4c27626","name":"Danielle Spera","image":{"@type":"ImageObject","inLanguage":"en-US","@id":"https:\/\/www.daniellespera.at\/wp-content\/uploads\/2023\/05\/Danielle_Spera_c_Sima-Prodinger-1-scaled.jpg","url":"https:\/\/www.daniellespera.at\/wp-content\/uploads\/2023\/05\/Danielle_Spera_c_Sima-Prodinger-1-scaled.jpg","contentUrl":"https:\/\/www.daniellespera.at\/wp-content\/uploads\/2023\/05\/Danielle_Spera_c_Sima-Prodinger-1-scaled.jpg","width":1707,"height":2560,"caption":"Danielle Spera"},"logo":{"@id":"https:\/\/www.daniellespera.at\/wp-content\/uploads\/2023\/05\/Danielle_Spera_c_Sima-Prodinger-1-scaled.jpg"},"sameAs":["https:\/\/x.com\/daniellespera"],"url":"https:\/\/www.daniellespera.at\/en\/author\/daniellespera\/"}]}},"_links":{"self":[{"href":"https:\/\/www.daniellespera.at\/en\/wp-json\/wp\/v2\/posts\/3019","targetHints":{"allow":["GET"]}}],"collection":[{"href":"https:\/\/www.daniellespera.at\/en\/wp-json\/wp\/v2\/posts"}],"about":[{"href":"https:\/\/www.daniellespera.at\/en\/wp-json\/wp\/v2\/types\/post"}],"author":[{"embeddable":true,"href":"https:\/\/www.daniellespera.at\/en\/wp-json\/wp\/v2\/users\/2"}],"replies":[{"embeddable":true,"href":"https:\/\/www.daniellespera.at\/en\/wp-json\/wp\/v2\/comments?post=3019"}],"version-history":[{"count":19,"href":"https:\/\/www.daniellespera.at\/en\/wp-json\/wp\/v2\/posts\/3019\/revisions"}],"predecessor-version":[{"id":3040,"href":"https:\/\/www.daniellespera.at\/en\/wp-json\/wp\/v2\/posts\/3019\/revisions\/3040"}],"wp:featuredmedia":[{"embeddable":true,"href":"https:\/\/www.daniellespera.at\/en\/wp-json\/wp\/v2\/media\/3036"}],"wp:attachment":[{"href":"https:\/\/www.daniellespera.at\/en\/wp-json\/wp\/v2\/media?parent=3019"}],"wp:term":[{"taxonomy":"category","embeddable":true,"href":"https:\/\/www.daniellespera.at\/en\/wp-json\/wp\/v2\/categories?post=3019"},{"taxonomy":"post_tag","embeddable":true,"href":"https:\/\/www.daniellespera.at\/en\/wp-json\/wp\/v2\/tags?post=3019"}],"curies":[{"name":"wp","href":"https:\/\/api.w.org\/{rel}","templated":true}]}}