{"id":3126,"date":"2025-02-03T10:09:51","date_gmt":"2025-02-03T09:09:51","guid":{"rendered":"https:\/\/www.daniellespera.at\/?p=3126"},"modified":"2025-02-03T10:09:53","modified_gmt":"2025-02-03T09:09:53","slug":"oif-seminar-am-holocaust-gedenktag-27-janner","status":"publish","type":"post","link":"https:\/\/www.daniellespera.at\/en\/oif-seminar-am-holocaust-gedenktag-27-janner\/","title":{"rendered":"\u00d6IF seminar on Holocaust Remembrance Day January 27"},"content":{"rendered":"<div data-elementor-type=\"wp-post\" data-elementor-id=\"3126\" class=\"elementor elementor-3126\">\n\t\t\t\t\t\t<section class=\"elementor-section elementor-top-section elementor-element elementor-element-7d0c228 elementor-section-boxed elementor-section-height-default elementor-section-height-default\" data-id=\"7d0c228\" data-element_type=\"section\" data-e-type=\"section\">\n\t\t\t\t\t\t<div class=\"elementor-container elementor-column-gap-default\">\n\t\t\t\t\t<div class=\"aux-parallax-section elementor-column elementor-col-100 elementor-top-column elementor-element elementor-element-ccfed0a\" data-id=\"ccfed0a\" data-element_type=\"column\" data-e-type=\"column\">\n\t\t\t<div class=\"elementor-widget-wrap elementor-element-populated\">\n\t\t\t\t\t\t<div class=\"elementor-element elementor-element-8d03036 elementor-widget elementor-widget-text-editor\" data-id=\"8d03036\" data-element_type=\"widget\" data-e-type=\"widget\" data-widget_type=\"text-editor.default\">\n\t\t\t\t<div class=\"elementor-widget-container\">\n\t\t\t\t\t\t\t\t\t<p data-pm-slice=\"1 1 []\">Dealing with anti-Semitism, the Holocaust and its long-term effects is essential for understanding Austrian history and educating society. With this in mind, I led a seminar at the Vienna Integration Center on 23 January 2025, which was aimed at professionals from the fields of integration, education and social services. The event was organized by the Austrian Integration Fund (\u00d6IF).<\/p><p>As an expert in Jewish history and culture, it was particularly important to me to provide the participants with in-depth knowledge about Judaism, the historical and current manifestations of anti-Semitism and the Shoah. An important focus was on Jewish life in Vienna today and on innovative approaches to the culture of remembrance in the context of International Holocaust Remembrance Day on January 27.<\/p><p>During the three-hour seminar, I presented the historical development of the Jewish community in Austria. Starting with the earliest records of Jewish settlements, I discussed the significance of Vienna as an important center of Jewish culture, the impact of the First World War and the profound changes in the interwar period.<\/p><p>Another focus was the examination of anti-Semitism, the horrors of the Shoah and developments in the post-war period, particularly with regard to historical reappraisal and restitution. Outstanding Jewish personalities and current aspects of Jewish life and cultural traditions in Vienna were also discussed.<\/p><p data-pm-slice=\"1 1 []\"><strong>\u00d6IF seminar series: Strategies for the prevention of anti-Semitism and extremism<\/strong><\/p><p>This seminar was part of the \u00d6IF's wide range of continuing education programs, which includes a variety of events on current integration policy topics. In addition to online courses, face-to-face seminars are also offered, which enable a direct exchange between experts and multipliers. In the winter semester 2024\/25, there will be a special focus on the prevention of anti-Semitism and extremism.<\/p><p>Further information on the seminar program can be found at <a>www.integrationsfonds.at\/seminare<\/a>.<\/p>\t\t\t\t\t\t\t\t<\/div>\n\t\t\t\t<\/div>\n\t\t\t\t\t<\/div>\n\t\t<\/div>\n\t\t\t\t\t<\/div>\n\t\t<\/section>\n\t\t\t\t<\/div>","protected":false},"excerpt":{"rendered":"<p>Die Auseinandersetzung mit Antisemitismus, dem Holocaust und deren langfristigen Auswirkungen ist essenziell f\u00fcr das Verst\u00e4ndnis der \u00f6sterreichischen Geschichte und die gesellschaftliche Aufkl\u00e4rung. Vor diesem Hintergrund leitete ich am 23. J\u00e4nner 2025 im Integrationszentrum Wien ein Seminar, das sich an Fachkr\u00e4fte aus den Bereichen Integration, Bildung und Sozialwesen richtete. Die Veranstaltung wurde vom \u00d6sterreichischen Integrationsfonds (\u00d6IF) [&hellip;]<\/p>\n","protected":false},"author":2,"featured_media":3131,"comment_status":"closed","ping_status":"closed","sticky":false,"template":"","format":"standard","meta":{"footnotes":""},"categories":[1,64,3,150,44,81,78],"tags":[99,139,132,162,161,42],"class_list":["post-3126","post","type-post","status-publish","format-standard","has-post-thumbnail","hentry","category-allgemein","category-bildung","category-business","category-dialog","category-erinnerungskultur","category-gedenken","category-judentum","tag-bildung","tag-gedenken","tag-geschichte","tag-holocaust-gedenktag","tag-osterreichischer-integrationfonds","tag-vortrag"],"yoast_head":"<!-- This site is optimized with the Yoast SEO plugin v27.4 - https:\/\/yoast.com\/product\/yoast-seo-wordpress\/ -->\n<title>Danielle Spera - \u00d6IF-Seminar am Holocaust-Gedenktag 27. J\u00e4nner<\/title>\n<meta name=\"robots\" content=\"index, follow, max-snippet:-1, max-image-preview:large, max-video-preview:-1\" \/>\n<link rel=\"canonical\" href=\"https:\/\/www.daniellespera.at\/en\/oif-seminar-am-holocaust-gedenktag-27-janner\/\" \/>\n<meta property=\"og:locale\" content=\"en_US\" \/>\n<meta property=\"og:type\" content=\"article\" \/>\n<meta property=\"og:title\" content=\"Danielle Spera - \u00d6IF-Seminar am Holocaust-Gedenktag 27. J\u00e4nner\" \/>\n<meta property=\"og:description\" content=\"Die Auseinandersetzung mit Antisemitismus, dem Holocaust und deren langfristigen Auswirkungen ist essenziell f\u00fcr das Verst\u00e4ndnis der \u00f6sterreichischen Geschichte und die gesellschaftliche Aufkl\u00e4rung. Vor diesem Hintergrund leitete ich am 23. J\u00e4nner 2025 im Integrationszentrum Wien ein Seminar, das sich an Fachkr\u00e4fte aus den Bereichen Integration, Bildung und Sozialwesen richtete. Die Veranstaltung wurde vom \u00d6sterreichischen Integrationsfonds (\u00d6IF) [&hellip;]\" \/>\n<meta property=\"og:url\" content=\"https:\/\/www.daniellespera.at\/en\/oif-seminar-am-holocaust-gedenktag-27-janner\/\" \/>\n<meta property=\"og:site_name\" content=\"Danielle Spera\" \/>\n<meta property=\"article:published_time\" content=\"2025-02-03T09:09:51+00:00\" \/>\n<meta property=\"article:modified_time\" content=\"2025-02-03T09:09:53+00:00\" \/>\n<meta property=\"og:image\" content=\"https:\/\/www.daniellespera.at\/wp-content\/uploads\/2025\/02\/OeIF.webp\" \/>\n\t<meta property=\"og:image:width\" content=\"400\" \/>\n\t<meta property=\"og:image:height\" content=\"267\" \/>\n\t<meta property=\"og:image:type\" content=\"image\/webp\" \/>\n<meta name=\"author\" content=\"Danielle Spera\" \/>\n<meta name=\"twitter:card\" content=\"summary_large_image\" \/>\n<meta name=\"twitter:creator\" content=\"@daniellespera\" \/>\n<meta name=\"twitter:site\" content=\"@daniellespera\" \/>\n<meta name=\"twitter:label1\" content=\"Written by\" \/>\n\t<meta name=\"twitter:data1\" content=\"Danielle Spera\" \/>\n\t<meta name=\"twitter:label2\" content=\"Est. reading time\" \/>\n\t<meta name=\"twitter:data2\" content=\"2 minutes\" \/>\n<script type=\"application\/ld+json\" class=\"yoast-schema-graph\">{\"@context\":\"https:\\\/\\\/schema.org\",\"@graph\":[{\"@type\":\"Article\",\"@id\":\"https:\\\/\\\/www.daniellespera.at\\\/oif-seminar-am-holocaust-gedenktag-27-janner\\\/#article\",\"isPartOf\":{\"@id\":\"https:\\\/\\\/www.daniellespera.at\\\/oif-seminar-am-holocaust-gedenktag-27-janner\\\/\"},\"author\":{\"name\":\"Danielle Spera\",\"@id\":\"https:\\\/\\\/www.daniellespera.at\\\/#\\\/schema\\\/person\\\/32fc96e7396e16ee31872bced4c27626\"},\"headline\":\"\u00d6IF-Seminar am Holocaust-Gedenktag 27. J\u00e4nner\",\"datePublished\":\"2025-02-03T09:09:51+00:00\",\"dateModified\":\"2025-02-03T09:09:53+00:00\",\"mainEntityOfPage\":{\"@id\":\"https:\\\/\\\/www.daniellespera.at\\\/oif-seminar-am-holocaust-gedenktag-27-janner\\\/\"},\"wordCount\":296,\"publisher\":{\"@id\":\"https:\\\/\\\/www.daniellespera.at\\\/#\\\/schema\\\/person\\\/32fc96e7396e16ee31872bced4c27626\"},\"image\":{\"@id\":\"https:\\\/\\\/www.daniellespera.at\\\/oif-seminar-am-holocaust-gedenktag-27-janner\\\/#primaryimage\"},\"thumbnailUrl\":\"https:\\\/\\\/www.daniellespera.at\\\/wp-content\\\/uploads\\\/2025\\\/02\\\/OeIF.webp\",\"keywords\":[\"Bildung\",\"Gedenken\",\"Geschichte\",\"Holocaust-Gedenktag\",\"\u00d6sterreichischer Integrationfonds\",\"Vortrag\"],\"articleSection\":[\"Allgemein\",\"Bildung\",\"BUSINESS\",\"Dialog\",\"Erinnerungskultur\",\"Gedenken\",\"Judentum\"],\"inLanguage\":\"en-US\"},{\"@type\":\"WebPage\",\"@id\":\"https:\\\/\\\/www.daniellespera.at\\\/oif-seminar-am-holocaust-gedenktag-27-janner\\\/\",\"url\":\"https:\\\/\\\/www.daniellespera.at\\\/oif-seminar-am-holocaust-gedenktag-27-janner\\\/\",\"name\":\"Danielle Spera - \u00d6IF-Seminar am Holocaust-Gedenktag 27. J\u00e4nner\",\"isPartOf\":{\"@id\":\"https:\\\/\\\/www.daniellespera.at\\\/#website\"},\"primaryImageOfPage\":{\"@id\":\"https:\\\/\\\/www.daniellespera.at\\\/oif-seminar-am-holocaust-gedenktag-27-janner\\\/#primaryimage\"},\"image\":{\"@id\":\"https:\\\/\\\/www.daniellespera.at\\\/oif-seminar-am-holocaust-gedenktag-27-janner\\\/#primaryimage\"},\"thumbnailUrl\":\"https:\\\/\\\/www.daniellespera.at\\\/wp-content\\\/uploads\\\/2025\\\/02\\\/OeIF.webp\",\"datePublished\":\"2025-02-03T09:09:51+00:00\",\"dateModified\":\"2025-02-03T09:09:53+00:00\",\"breadcrumb\":{\"@id\":\"https:\\\/\\\/www.daniellespera.at\\\/oif-seminar-am-holocaust-gedenktag-27-janner\\\/#breadcrumb\"},\"inLanguage\":\"en-US\",\"potentialAction\":[{\"@type\":\"ReadAction\",\"target\":[\"https:\\\/\\\/www.daniellespera.at\\\/oif-seminar-am-holocaust-gedenktag-27-janner\\\/\"]}]},{\"@type\":\"ImageObject\",\"inLanguage\":\"en-US\",\"@id\":\"https:\\\/\\\/www.daniellespera.at\\\/oif-seminar-am-holocaust-gedenktag-27-janner\\\/#primaryimage\",\"url\":\"https:\\\/\\\/www.daniellespera.at\\\/wp-content\\\/uploads\\\/2025\\\/02\\\/OeIF.webp\",\"contentUrl\":\"https:\\\/\\\/www.daniellespera.at\\\/wp-content\\\/uploads\\\/2025\\\/02\\\/OeIF.webp\",\"width\":400,\"height\":267,\"caption\":\"\u00a9 Olha Soldatenko\\\/\u00d6IF\"},{\"@type\":\"BreadcrumbList\",\"@id\":\"https:\\\/\\\/www.daniellespera.at\\\/oif-seminar-am-holocaust-gedenktag-27-janner\\\/#breadcrumb\",\"itemListElement\":[{\"@type\":\"ListItem\",\"position\":1,\"name\":\"Home\",\"item\":\"https:\\\/\\\/www.daniellespera.at\\\/\"},{\"@type\":\"ListItem\",\"position\":2,\"name\":\"\u00d6IF-Seminar am Holocaust-Gedenktag 27. J\u00e4nner\"}]},{\"@type\":\"WebSite\",\"@id\":\"https:\\\/\\\/www.daniellespera.at\\\/#website\",\"url\":\"https:\\\/\\\/www.daniellespera.at\\\/\",\"name\":\"Danielle Spera\",\"description\":\"\",\"publisher\":{\"@id\":\"https:\\\/\\\/www.daniellespera.at\\\/#\\\/schema\\\/person\\\/32fc96e7396e16ee31872bced4c27626\"},\"potentialAction\":[{\"@type\":\"SearchAction\",\"target\":{\"@type\":\"EntryPoint\",\"urlTemplate\":\"https:\\\/\\\/www.daniellespera.at\\\/?s={search_term_string}\"},\"query-input\":{\"@type\":\"PropertyValueSpecification\",\"valueRequired\":true,\"valueName\":\"search_term_string\"}}],\"inLanguage\":\"en-US\"},{\"@type\":[\"Person\",\"Organization\"],\"@id\":\"https:\\\/\\\/www.daniellespera.at\\\/#\\\/schema\\\/person\\\/32fc96e7396e16ee31872bced4c27626\",\"name\":\"Danielle Spera\",\"image\":{\"@type\":\"ImageObject\",\"inLanguage\":\"en-US\",\"@id\":\"https:\\\/\\\/www.daniellespera.at\\\/wp-content\\\/uploads\\\/2023\\\/05\\\/Danielle_Spera_c_Sima-Prodinger-1-scaled.jpg\",\"url\":\"https:\\\/\\\/www.daniellespera.at\\\/wp-content\\\/uploads\\\/2023\\\/05\\\/Danielle_Spera_c_Sima-Prodinger-1-scaled.jpg\",\"contentUrl\":\"https:\\\/\\\/www.daniellespera.at\\\/wp-content\\\/uploads\\\/2023\\\/05\\\/Danielle_Spera_c_Sima-Prodinger-1-scaled.jpg\",\"width\":1707,\"height\":2560,\"caption\":\"Danielle Spera\"},\"logo\":{\"@id\":\"https:\\\/\\\/www.daniellespera.at\\\/wp-content\\\/uploads\\\/2023\\\/05\\\/Danielle_Spera_c_Sima-Prodinger-1-scaled.jpg\"},\"sameAs\":[\"https:\\\/\\\/x.com\\\/daniellespera\"],\"url\":\"https:\\\/\\\/www.daniellespera.at\\\/en\\\/author\\\/daniellespera\\\/\"}]}<\/script>\n<!-- \/ Yoast SEO plugin. -->","yoast_head_json":{"title":"Danielle Spera - \u00d6IF-Seminar am Holocaust-Gedenktag 27. J\u00e4nner","robots":{"index":"index","follow":"follow","max-snippet":"max-snippet:-1","max-image-preview":"max-image-preview:large","max-video-preview":"max-video-preview:-1"},"canonical":"https:\/\/www.daniellespera.at\/en\/oif-seminar-am-holocaust-gedenktag-27-janner\/","og_locale":"en_US","og_type":"article","og_title":"Danielle Spera - \u00d6IF-Seminar am Holocaust-Gedenktag 27. J\u00e4nner","og_description":"Die Auseinandersetzung mit Antisemitismus, dem Holocaust und deren langfristigen Auswirkungen ist essenziell f\u00fcr das Verst\u00e4ndnis der \u00f6sterreichischen Geschichte und die gesellschaftliche Aufkl\u00e4rung. Vor diesem Hintergrund leitete ich am 23. J\u00e4nner 2025 im Integrationszentrum Wien ein Seminar, das sich an Fachkr\u00e4fte aus den Bereichen Integration, Bildung und Sozialwesen richtete. Die Veranstaltung wurde vom \u00d6sterreichischen Integrationsfonds (\u00d6IF) [&hellip;]","og_url":"https:\/\/www.daniellespera.at\/en\/oif-seminar-am-holocaust-gedenktag-27-janner\/","og_site_name":"Danielle Spera","article_published_time":"2025-02-03T09:09:51+00:00","article_modified_time":"2025-02-03T09:09:53+00:00","og_image":[{"width":400,"height":267,"url":"https:\/\/www.daniellespera.at\/wp-content\/uploads\/2025\/02\/OeIF.webp","type":"image\/webp"}],"author":"Danielle Spera","twitter_card":"summary_large_image","twitter_creator":"@daniellespera","twitter_site":"@daniellespera","twitter_misc":{"Written by":"Danielle Spera","Est. reading time":"2 minutes"},"schema":{"@context":"https:\/\/schema.org","@graph":[{"@type":"Article","@id":"https:\/\/www.daniellespera.at\/oif-seminar-am-holocaust-gedenktag-27-janner\/#article","isPartOf":{"@id":"https:\/\/www.daniellespera.at\/oif-seminar-am-holocaust-gedenktag-27-janner\/"},"author":{"name":"Danielle Spera","@id":"https:\/\/www.daniellespera.at\/#\/schema\/person\/32fc96e7396e16ee31872bced4c27626"},"headline":"\u00d6IF-Seminar am Holocaust-Gedenktag 27. J\u00e4nner","datePublished":"2025-02-03T09:09:51+00:00","dateModified":"2025-02-03T09:09:53+00:00","mainEntityOfPage":{"@id":"https:\/\/www.daniellespera.at\/oif-seminar-am-holocaust-gedenktag-27-janner\/"},"wordCount":296,"publisher":{"@id":"https:\/\/www.daniellespera.at\/#\/schema\/person\/32fc96e7396e16ee31872bced4c27626"},"image":{"@id":"https:\/\/www.daniellespera.at\/oif-seminar-am-holocaust-gedenktag-27-janner\/#primaryimage"},"thumbnailUrl":"https:\/\/www.daniellespera.at\/wp-content\/uploads\/2025\/02\/OeIF.webp","keywords":["Bildung","Gedenken","Geschichte","Holocaust-Gedenktag","\u00d6sterreichischer Integrationfonds","Vortrag"],"articleSection":["Allgemein","Bildung","BUSINESS","Dialog","Erinnerungskultur","Gedenken","Judentum"],"inLanguage":"en-US"},{"@type":"WebPage","@id":"https:\/\/www.daniellespera.at\/oif-seminar-am-holocaust-gedenktag-27-janner\/","url":"https:\/\/www.daniellespera.at\/oif-seminar-am-holocaust-gedenktag-27-janner\/","name":"Danielle Spera - \u00d6IF-Seminar am Holocaust-Gedenktag 27. J\u00e4nner","isPartOf":{"@id":"https:\/\/www.daniellespera.at\/#website"},"primaryImageOfPage":{"@id":"https:\/\/www.daniellespera.at\/oif-seminar-am-holocaust-gedenktag-27-janner\/#primaryimage"},"image":{"@id":"https:\/\/www.daniellespera.at\/oif-seminar-am-holocaust-gedenktag-27-janner\/#primaryimage"},"thumbnailUrl":"https:\/\/www.daniellespera.at\/wp-content\/uploads\/2025\/02\/OeIF.webp","datePublished":"2025-02-03T09:09:51+00:00","dateModified":"2025-02-03T09:09:53+00:00","breadcrumb":{"@id":"https:\/\/www.daniellespera.at\/oif-seminar-am-holocaust-gedenktag-27-janner\/#breadcrumb"},"inLanguage":"en-US","potentialAction":[{"@type":"ReadAction","target":["https:\/\/www.daniellespera.at\/oif-seminar-am-holocaust-gedenktag-27-janner\/"]}]},{"@type":"ImageObject","inLanguage":"en-US","@id":"https:\/\/www.daniellespera.at\/oif-seminar-am-holocaust-gedenktag-27-janner\/#primaryimage","url":"https:\/\/www.daniellespera.at\/wp-content\/uploads\/2025\/02\/OeIF.webp","contentUrl":"https:\/\/www.daniellespera.at\/wp-content\/uploads\/2025\/02\/OeIF.webp","width":400,"height":267,"caption":"\u00a9 Olha Soldatenko\/\u00d6IF"},{"@type":"BreadcrumbList","@id":"https:\/\/www.daniellespera.at\/oif-seminar-am-holocaust-gedenktag-27-janner\/#breadcrumb","itemListElement":[{"@type":"ListItem","position":1,"name":"Home","item":"https:\/\/www.daniellespera.at\/"},{"@type":"ListItem","position":2,"name":"\u00d6IF-Seminar am Holocaust-Gedenktag 27. J\u00e4nner"}]},{"@type":"WebSite","@id":"https:\/\/www.daniellespera.at\/#website","url":"https:\/\/www.daniellespera.at\/","name":"Danielle Spera","description":"","publisher":{"@id":"https:\/\/www.daniellespera.at\/#\/schema\/person\/32fc96e7396e16ee31872bced4c27626"},"potentialAction":[{"@type":"SearchAction","target":{"@type":"EntryPoint","urlTemplate":"https:\/\/www.daniellespera.at\/?s={search_term_string}"},"query-input":{"@type":"PropertyValueSpecification","valueRequired":true,"valueName":"search_term_string"}}],"inLanguage":"en-US"},{"@type":["Person","Organization"],"@id":"https:\/\/www.daniellespera.at\/#\/schema\/person\/32fc96e7396e16ee31872bced4c27626","name":"Danielle Spera","image":{"@type":"ImageObject","inLanguage":"en-US","@id":"https:\/\/www.daniellespera.at\/wp-content\/uploads\/2023\/05\/Danielle_Spera_c_Sima-Prodinger-1-scaled.jpg","url":"https:\/\/www.daniellespera.at\/wp-content\/uploads\/2023\/05\/Danielle_Spera_c_Sima-Prodinger-1-scaled.jpg","contentUrl":"https:\/\/www.daniellespera.at\/wp-content\/uploads\/2023\/05\/Danielle_Spera_c_Sima-Prodinger-1-scaled.jpg","width":1707,"height":2560,"caption":"Danielle Spera"},"logo":{"@id":"https:\/\/www.daniellespera.at\/wp-content\/uploads\/2023\/05\/Danielle_Spera_c_Sima-Prodinger-1-scaled.jpg"},"sameAs":["https:\/\/x.com\/daniellespera"],"url":"https:\/\/www.daniellespera.at\/en\/author\/daniellespera\/"}]}},"_links":{"self":[{"href":"https:\/\/www.daniellespera.at\/en\/wp-json\/wp\/v2\/posts\/3126","targetHints":{"allow":["GET"]}}],"collection":[{"href":"https:\/\/www.daniellespera.at\/en\/wp-json\/wp\/v2\/posts"}],"about":[{"href":"https:\/\/www.daniellespera.at\/en\/wp-json\/wp\/v2\/types\/post"}],"author":[{"embeddable":true,"href":"https:\/\/www.daniellespera.at\/en\/wp-json\/wp\/v2\/users\/2"}],"replies":[{"embeddable":true,"href":"https:\/\/www.daniellespera.at\/en\/wp-json\/wp\/v2\/comments?post=3126"}],"version-history":[{"count":5,"href":"https:\/\/www.daniellespera.at\/en\/wp-json\/wp\/v2\/posts\/3126\/revisions"}],"predecessor-version":[{"id":3151,"href":"https:\/\/www.daniellespera.at\/en\/wp-json\/wp\/v2\/posts\/3126\/revisions\/3151"}],"wp:featuredmedia":[{"embeddable":true,"href":"https:\/\/www.daniellespera.at\/en\/wp-json\/wp\/v2\/media\/3131"}],"wp:attachment":[{"href":"https:\/\/www.daniellespera.at\/en\/wp-json\/wp\/v2\/media?parent=3126"}],"wp:term":[{"taxonomy":"category","embeddable":true,"href":"https:\/\/www.daniellespera.at\/en\/wp-json\/wp\/v2\/categories?post=3126"},{"taxonomy":"post_tag","embeddable":true,"href":"https:\/\/www.daniellespera.at\/en\/wp-json\/wp\/v2\/tags?post=3126"}],"curies":[{"name":"wp","href":"https:\/\/api.w.org\/{rel}","templated":true}]}}