{"id":3330,"date":"2025-07-21T09:44:09","date_gmt":"2025-07-21T07:44:09","guid":{"rendered":"https:\/\/www.daniellespera.at\/?p=3330"},"modified":"2025-07-21T09:44:10","modified_gmt":"2025-07-21T07:44:10","slug":"25-jahre-nu-im-mobelmuseum","status":"publish","type":"post","link":"https:\/\/www.daniellespera.at\/en\/25-jahre-nu-im-mobelmuseum\/","title":{"rendered":"25 Jahre NU im M\u00f6belmuseum"},"content":{"rendered":"<div data-elementor-type=\"wp-post\" data-elementor-id=\"3330\" class=\"elementor elementor-3330\">\n\t\t\t\t\t\t<section class=\"elementor-section elementor-top-section elementor-element elementor-element-7d0c228 elementor-section-boxed elementor-section-height-default elementor-section-height-default\" data-id=\"7d0c228\" data-element_type=\"section\" data-e-type=\"section\">\n\t\t\t\t\t\t<div class=\"elementor-container elementor-column-gap-default\">\n\t\t\t\t\t<div class=\"aux-parallax-section elementor-column elementor-col-100 elementor-top-column elementor-element elementor-element-ccfed0a\" data-id=\"ccfed0a\" data-element_type=\"column\" data-e-type=\"column\">\n\t\t\t<div class=\"elementor-widget-wrap elementor-element-populated\">\n\t\t\t\t\t\t<div class=\"elementor-element elementor-element-8d03036 elementor-widget elementor-widget-text-editor\" data-id=\"8d03036\" data-element_type=\"widget\" data-e-type=\"widget\" data-widget_type=\"text-editor.default\">\n\t\t\t\t<div class=\"elementor-widget-container\">\n\t\t\t\t\t\t\t\t\t<p class=\"wp-block-heading has-black-color has-text-color has-link-color wp-elements-0dd61f303d1c7cec0ef8e0145f31188f\">Im Rahmen des 25-j\u00e4hrigen Jubil\u00e4ums von NU fand am 24. Juni 2025 im M\u00f6belmuseum Wien ein besonderer Abend unter dem Titel \u201eJ\u00fcdisches Leben in Wien\u201c statt.<\/p><p>Zentraler Bestandteil des Abends war die Pr\u00e4sentation des 100. Magazins von NU. Festrednerin war Mirna Funk (Lesen Sie <a href=\"https:\/\/nunu.at\/artikel\/rede-zum-fuenfundzwanzigjaehrigen-jubilaeum-von-nu-das-juedische-magazin-aus-wien\/\" target=\"_blank\" rel=\"noopener\">hier<\/a> die Rede von Mirna Funk in voller L\u00e4nge). Ausgew\u00e4hlte Fotografien aus 25 Jahren NU, fotografiert von Peter Rigaud und Ouriel Morgensztern, wurden ausgestellt, die eine Dokumentation des j\u00fcdischen Lebens in \u00d6sterreich darstellen und w\u00e4hrend der letzten 25 Jahre entstanden sind. Diese Fotos dokumentieren nicht nur bedeutende Ereignisse, sondern auch die allt\u00e4glichen Geschichten und die kulturelle Identit\u00e4t der j\u00fcdischen Bev\u00f6lkerung in Wien.<br \/>Das Magazin NU erscheint seit April 2000. Es behandelt j\u00fcdische Kultur, Politik und Alltagsleben und tr\u00e4gt zu einer zeitgeschichtlichen Dokumentation des heutigen Judentums bei. NU erscheint viermal im Jahr, zu den j\u00fcdischen Feiertagen Pessach, Rosch Haschana, Chanukka sowie jeden Sommer.<\/p><p><a href=\"https:\/\/nunu.at\/artikel\/juedisches-leben-in-wien-25-jahre-nu\/\">Hier geht es zur Fotostrecke<\/a><\/p>\t\t\t\t\t\t\t\t<\/div>\n\t\t\t\t<\/div>\n\t\t\t\t\t<\/div>\n\t\t<\/div>\n\t\t\t\t\t<\/div>\n\t\t<\/section>\n\t\t\t\t<\/div>","protected":false},"excerpt":{"rendered":"<p>Im Rahmen des 25-j\u00e4hrigen Jubil\u00e4ums von NU fand am 24. Juni 2025 im M\u00f6belmuseum Wien ein besonderer Abend unter dem Titel \u201eJ\u00fcdisches Leben in Wien\u201c statt. Zentraler Bestandteil des Abends war die Pr\u00e4sentation des 100. Magazins von NU. Festrednerin war Mirna Funk (Lesen Sie hier die Rede von Mirna Funk in voller L\u00e4nge). Ausgew\u00e4hlte Fotografien [&hellip;]<\/p>\n","protected":false},"author":2,"featured_media":3341,"comment_status":"closed","ping_status":"closed","sticky":false,"template":"","format":"standard","meta":{"footnotes":""},"categories":[64,121,78,93,32],"tags":[184,183,94,74],"class_list":["post-3330","post","type-post","status-publish","format-standard","has-post-thumbnail","hentry","category-bildung","category-israel","category-judentum","category-nu","category-veranstaltungen","tag-25-jahre-nu","tag-fest","tag-nu","tag-veranstaltung"],"yoast_head":"<!-- This site is optimized with the Yoast SEO plugin v27.5 - https:\/\/yoast.com\/product\/yoast-seo-wordpress\/ -->\n<title>Danielle Spera - 25 Jahre NU im M\u00f6belmuseum<\/title>\n<meta name=\"robots\" content=\"index, follow, max-snippet:-1, max-image-preview:large, max-video-preview:-1\" \/>\n<link rel=\"canonical\" href=\"https:\/\/www.daniellespera.at\/en\/25-jahre-nu-im-mobelmuseum\/\" \/>\n<meta property=\"og:locale\" content=\"en_US\" \/>\n<meta property=\"og:type\" content=\"article\" \/>\n<meta property=\"og:title\" content=\"Danielle Spera - 25 Jahre NU im M\u00f6belmuseum\" \/>\n<meta property=\"og:description\" content=\"Im Rahmen des 25-j\u00e4hrigen Jubil\u00e4ums von NU fand am 24. Juni 2025 im M\u00f6belmuseum Wien ein besonderer Abend unter dem Titel \u201eJ\u00fcdisches Leben in Wien\u201c statt. Zentraler Bestandteil des Abends war die Pr\u00e4sentation des 100. Magazins von NU. Festrednerin war Mirna Funk (Lesen Sie hier die Rede von Mirna Funk in voller L\u00e4nge). Ausgew\u00e4hlte Fotografien [&hellip;]\" \/>\n<meta property=\"og:url\" content=\"https:\/\/www.daniellespera.at\/en\/25-jahre-nu-im-mobelmuseum\/\" \/>\n<meta property=\"og:site_name\" content=\"Danielle Spera\" \/>\n<meta property=\"article:published_time\" content=\"2025-07-21T07:44:09+00:00\" \/>\n<meta property=\"article:modified_time\" content=\"2025-07-21T07:44:10+00:00\" \/>\n<meta property=\"og:image\" content=\"https:\/\/www.daniellespera.at\/wp-content\/uploads\/2025\/07\/135_20250625_Nu-25JBV1A5468_FINALS_HR-scaled.jpg\" \/>\n\t<meta property=\"og:image:width\" content=\"2560\" \/>\n\t<meta property=\"og:image:height\" content=\"1707\" \/>\n\t<meta property=\"og:image:type\" content=\"image\/jpeg\" \/>\n<meta name=\"author\" content=\"Danielle Spera\" \/>\n<meta name=\"twitter:card\" content=\"summary_large_image\" \/>\n<meta name=\"twitter:creator\" content=\"@daniellespera\" \/>\n<meta name=\"twitter:site\" content=\"@daniellespera\" \/>\n<meta name=\"twitter:label1\" content=\"Written by\" \/>\n\t<meta name=\"twitter:data1\" content=\"Danielle Spera\" \/>\n\t<meta name=\"twitter:label2\" content=\"Est. reading time\" \/>\n\t<meta name=\"twitter:data2\" content=\"2 minutes\" \/>\n<script type=\"application\/ld+json\" class=\"yoast-schema-graph\">{\"@context\":\"https:\\\/\\\/schema.org\",\"@graph\":[{\"@type\":\"Article\",\"@id\":\"https:\\\/\\\/www.daniellespera.at\\\/25-jahre-nu-im-mobelmuseum\\\/#article\",\"isPartOf\":{\"@id\":\"https:\\\/\\\/www.daniellespera.at\\\/25-jahre-nu-im-mobelmuseum\\\/\"},\"author\":{\"name\":\"Danielle Spera\",\"@id\":\"https:\\\/\\\/www.daniellespera.at\\\/#\\\/schema\\\/person\\\/32fc96e7396e16ee31872bced4c27626\"},\"headline\":\"25 Jahre NU im M\u00f6belmuseum\",\"datePublished\":\"2025-07-21T07:44:09+00:00\",\"dateModified\":\"2025-07-21T07:44:10+00:00\",\"mainEntityOfPage\":{\"@id\":\"https:\\\/\\\/www.daniellespera.at\\\/25-jahre-nu-im-mobelmuseum\\\/\"},\"wordCount\":166,\"publisher\":{\"@id\":\"https:\\\/\\\/www.daniellespera.at\\\/#\\\/schema\\\/person\\\/32fc96e7396e16ee31872bced4c27626\"},\"image\":{\"@id\":\"https:\\\/\\\/www.daniellespera.at\\\/25-jahre-nu-im-mobelmuseum\\\/#primaryimage\"},\"thumbnailUrl\":\"https:\\\/\\\/www.daniellespera.at\\\/wp-content\\\/uploads\\\/2025\\\/07\\\/135_20250625_Nu-25JBV1A5468_FINALS_HR-scaled.jpg\",\"keywords\":[\"25 Jahre NU\",\"Fest\",\"Nu\",\"Veranstaltung\"],\"articleSection\":[\"Bildung\",\"Israel\",\"Judentum\",\"NU\",\"Veranstaltungen\"],\"inLanguage\":\"en-US\"},{\"@type\":\"WebPage\",\"@id\":\"https:\\\/\\\/www.daniellespera.at\\\/25-jahre-nu-im-mobelmuseum\\\/\",\"url\":\"https:\\\/\\\/www.daniellespera.at\\\/25-jahre-nu-im-mobelmuseum\\\/\",\"name\":\"Danielle Spera - 25 Jahre NU im M\u00f6belmuseum\",\"isPartOf\":{\"@id\":\"https:\\\/\\\/www.daniellespera.at\\\/#website\"},\"primaryImageOfPage\":{\"@id\":\"https:\\\/\\\/www.daniellespera.at\\\/25-jahre-nu-im-mobelmuseum\\\/#primaryimage\"},\"image\":{\"@id\":\"https:\\\/\\\/www.daniellespera.at\\\/25-jahre-nu-im-mobelmuseum\\\/#primaryimage\"},\"thumbnailUrl\":\"https:\\\/\\\/www.daniellespera.at\\\/wp-content\\\/uploads\\\/2025\\\/07\\\/135_20250625_Nu-25JBV1A5468_FINALS_HR-scaled.jpg\",\"datePublished\":\"2025-07-21T07:44:09+00:00\",\"dateModified\":\"2025-07-21T07:44:10+00:00\",\"breadcrumb\":{\"@id\":\"https:\\\/\\\/www.daniellespera.at\\\/25-jahre-nu-im-mobelmuseum\\\/#breadcrumb\"},\"inLanguage\":\"en-US\",\"potentialAction\":[{\"@type\":\"ReadAction\",\"target\":[\"https:\\\/\\\/www.daniellespera.at\\\/25-jahre-nu-im-mobelmuseum\\\/\"]}]},{\"@type\":\"ImageObject\",\"inLanguage\":\"en-US\",\"@id\":\"https:\\\/\\\/www.daniellespera.at\\\/25-jahre-nu-im-mobelmuseum\\\/#primaryimage\",\"url\":\"https:\\\/\\\/www.daniellespera.at\\\/wp-content\\\/uploads\\\/2025\\\/07\\\/135_20250625_Nu-25JBV1A5468_FINALS_HR-scaled.jpg\",\"contentUrl\":\"https:\\\/\\\/www.daniellespera.at\\\/wp-content\\\/uploads\\\/2025\\\/07\\\/135_20250625_Nu-25JBV1A5468_FINALS_HR-scaled.jpg\",\"width\":2560,\"height\":1707},{\"@type\":\"BreadcrumbList\",\"@id\":\"https:\\\/\\\/www.daniellespera.at\\\/25-jahre-nu-im-mobelmuseum\\\/#breadcrumb\",\"itemListElement\":[{\"@type\":\"ListItem\",\"position\":1,\"name\":\"Home\",\"item\":\"https:\\\/\\\/www.daniellespera.at\\\/\"},{\"@type\":\"ListItem\",\"position\":2,\"name\":\"25 Jahre NU im M\u00f6belmuseum\"}]},{\"@type\":\"WebSite\",\"@id\":\"https:\\\/\\\/www.daniellespera.at\\\/#website\",\"url\":\"https:\\\/\\\/www.daniellespera.at\\\/\",\"name\":\"Danielle Spera\",\"description\":\"\",\"publisher\":{\"@id\":\"https:\\\/\\\/www.daniellespera.at\\\/#\\\/schema\\\/person\\\/32fc96e7396e16ee31872bced4c27626\"},\"potentialAction\":[{\"@type\":\"SearchAction\",\"target\":{\"@type\":\"EntryPoint\",\"urlTemplate\":\"https:\\\/\\\/www.daniellespera.at\\\/?s={search_term_string}\"},\"query-input\":{\"@type\":\"PropertyValueSpecification\",\"valueRequired\":true,\"valueName\":\"search_term_string\"}}],\"inLanguage\":\"en-US\"},{\"@type\":[\"Person\",\"Organization\"],\"@id\":\"https:\\\/\\\/www.daniellespera.at\\\/#\\\/schema\\\/person\\\/32fc96e7396e16ee31872bced4c27626\",\"name\":\"Danielle Spera\",\"image\":{\"@type\":\"ImageObject\",\"inLanguage\":\"en-US\",\"@id\":\"https:\\\/\\\/www.daniellespera.at\\\/wp-content\\\/uploads\\\/2023\\\/05\\\/Danielle_Spera_c_Sima-Prodinger-1-scaled.jpg\",\"url\":\"https:\\\/\\\/www.daniellespera.at\\\/wp-content\\\/uploads\\\/2023\\\/05\\\/Danielle_Spera_c_Sima-Prodinger-1-scaled.jpg\",\"contentUrl\":\"https:\\\/\\\/www.daniellespera.at\\\/wp-content\\\/uploads\\\/2023\\\/05\\\/Danielle_Spera_c_Sima-Prodinger-1-scaled.jpg\",\"width\":1707,\"height\":2560,\"caption\":\"Danielle Spera\"},\"logo\":{\"@id\":\"https:\\\/\\\/www.daniellespera.at\\\/wp-content\\\/uploads\\\/2023\\\/05\\\/Danielle_Spera_c_Sima-Prodinger-1-scaled.jpg\"},\"sameAs\":[\"https:\\\/\\\/x.com\\\/daniellespera\"],\"url\":\"https:\\\/\\\/www.daniellespera.at\\\/en\\\/author\\\/daniellespera\\\/\"}]}<\/script>\n<!-- \/ Yoast SEO plugin. -->","yoast_head_json":{"title":"Danielle Spera - 25 Jahre NU im M\u00f6belmuseum","robots":{"index":"index","follow":"follow","max-snippet":"max-snippet:-1","max-image-preview":"max-image-preview:large","max-video-preview":"max-video-preview:-1"},"canonical":"https:\/\/www.daniellespera.at\/en\/25-jahre-nu-im-mobelmuseum\/","og_locale":"en_US","og_type":"article","og_title":"Danielle Spera - 25 Jahre NU im M\u00f6belmuseum","og_description":"Im Rahmen des 25-j\u00e4hrigen Jubil\u00e4ums von NU fand am 24. Juni 2025 im M\u00f6belmuseum Wien ein besonderer Abend unter dem Titel \u201eJ\u00fcdisches Leben in Wien\u201c statt. Zentraler Bestandteil des Abends war die Pr\u00e4sentation des 100. Magazins von NU. Festrednerin war Mirna Funk (Lesen Sie hier die Rede von Mirna Funk in voller L\u00e4nge). Ausgew\u00e4hlte Fotografien [&hellip;]","og_url":"https:\/\/www.daniellespera.at\/en\/25-jahre-nu-im-mobelmuseum\/","og_site_name":"Danielle Spera","article_published_time":"2025-07-21T07:44:09+00:00","article_modified_time":"2025-07-21T07:44:10+00:00","og_image":[{"width":2560,"height":1707,"url":"https:\/\/www.daniellespera.at\/wp-content\/uploads\/2025\/07\/135_20250625_Nu-25JBV1A5468_FINALS_HR-scaled.jpg","type":"image\/jpeg"}],"author":"Danielle Spera","twitter_card":"summary_large_image","twitter_creator":"@daniellespera","twitter_site":"@daniellespera","twitter_misc":{"Written by":"Danielle Spera","Est. reading time":"2 minutes"},"schema":{"@context":"https:\/\/schema.org","@graph":[{"@type":"Article","@id":"https:\/\/www.daniellespera.at\/25-jahre-nu-im-mobelmuseum\/#article","isPartOf":{"@id":"https:\/\/www.daniellespera.at\/25-jahre-nu-im-mobelmuseum\/"},"author":{"name":"Danielle Spera","@id":"https:\/\/www.daniellespera.at\/#\/schema\/person\/32fc96e7396e16ee31872bced4c27626"},"headline":"25 Jahre NU im M\u00f6belmuseum","datePublished":"2025-07-21T07:44:09+00:00","dateModified":"2025-07-21T07:44:10+00:00","mainEntityOfPage":{"@id":"https:\/\/www.daniellespera.at\/25-jahre-nu-im-mobelmuseum\/"},"wordCount":166,"publisher":{"@id":"https:\/\/www.daniellespera.at\/#\/schema\/person\/32fc96e7396e16ee31872bced4c27626"},"image":{"@id":"https:\/\/www.daniellespera.at\/25-jahre-nu-im-mobelmuseum\/#primaryimage"},"thumbnailUrl":"https:\/\/www.daniellespera.at\/wp-content\/uploads\/2025\/07\/135_20250625_Nu-25JBV1A5468_FINALS_HR-scaled.jpg","keywords":["25 Jahre NU","Fest","Nu","Veranstaltung"],"articleSection":["Bildung","Israel","Judentum","NU","Veranstaltungen"],"inLanguage":"en-US"},{"@type":"WebPage","@id":"https:\/\/www.daniellespera.at\/25-jahre-nu-im-mobelmuseum\/","url":"https:\/\/www.daniellespera.at\/25-jahre-nu-im-mobelmuseum\/","name":"Danielle Spera - 25 Jahre NU im M\u00f6belmuseum","isPartOf":{"@id":"https:\/\/www.daniellespera.at\/#website"},"primaryImageOfPage":{"@id":"https:\/\/www.daniellespera.at\/25-jahre-nu-im-mobelmuseum\/#primaryimage"},"image":{"@id":"https:\/\/www.daniellespera.at\/25-jahre-nu-im-mobelmuseum\/#primaryimage"},"thumbnailUrl":"https:\/\/www.daniellespera.at\/wp-content\/uploads\/2025\/07\/135_20250625_Nu-25JBV1A5468_FINALS_HR-scaled.jpg","datePublished":"2025-07-21T07:44:09+00:00","dateModified":"2025-07-21T07:44:10+00:00","breadcrumb":{"@id":"https:\/\/www.daniellespera.at\/25-jahre-nu-im-mobelmuseum\/#breadcrumb"},"inLanguage":"en-US","potentialAction":[{"@type":"ReadAction","target":["https:\/\/www.daniellespera.at\/25-jahre-nu-im-mobelmuseum\/"]}]},{"@type":"ImageObject","inLanguage":"en-US","@id":"https:\/\/www.daniellespera.at\/25-jahre-nu-im-mobelmuseum\/#primaryimage","url":"https:\/\/www.daniellespera.at\/wp-content\/uploads\/2025\/07\/135_20250625_Nu-25JBV1A5468_FINALS_HR-scaled.jpg","contentUrl":"https:\/\/www.daniellespera.at\/wp-content\/uploads\/2025\/07\/135_20250625_Nu-25JBV1A5468_FINALS_HR-scaled.jpg","width":2560,"height":1707},{"@type":"BreadcrumbList","@id":"https:\/\/www.daniellespera.at\/25-jahre-nu-im-mobelmuseum\/#breadcrumb","itemListElement":[{"@type":"ListItem","position":1,"name":"Home","item":"https:\/\/www.daniellespera.at\/"},{"@type":"ListItem","position":2,"name":"25 Jahre NU im M\u00f6belmuseum"}]},{"@type":"WebSite","@id":"https:\/\/www.daniellespera.at\/#website","url":"https:\/\/www.daniellespera.at\/","name":"Danielle Spera","description":"","publisher":{"@id":"https:\/\/www.daniellespera.at\/#\/schema\/person\/32fc96e7396e16ee31872bced4c27626"},"potentialAction":[{"@type":"SearchAction","target":{"@type":"EntryPoint","urlTemplate":"https:\/\/www.daniellespera.at\/?s={search_term_string}"},"query-input":{"@type":"PropertyValueSpecification","valueRequired":true,"valueName":"search_term_string"}}],"inLanguage":"en-US"},{"@type":["Person","Organization"],"@id":"https:\/\/www.daniellespera.at\/#\/schema\/person\/32fc96e7396e16ee31872bced4c27626","name":"Danielle Spera","image":{"@type":"ImageObject","inLanguage":"en-US","@id":"https:\/\/www.daniellespera.at\/wp-content\/uploads\/2023\/05\/Danielle_Spera_c_Sima-Prodinger-1-scaled.jpg","url":"https:\/\/www.daniellespera.at\/wp-content\/uploads\/2023\/05\/Danielle_Spera_c_Sima-Prodinger-1-scaled.jpg","contentUrl":"https:\/\/www.daniellespera.at\/wp-content\/uploads\/2023\/05\/Danielle_Spera_c_Sima-Prodinger-1-scaled.jpg","width":1707,"height":2560,"caption":"Danielle Spera"},"logo":{"@id":"https:\/\/www.daniellespera.at\/wp-content\/uploads\/2023\/05\/Danielle_Spera_c_Sima-Prodinger-1-scaled.jpg"},"sameAs":["https:\/\/x.com\/daniellespera"],"url":"https:\/\/www.daniellespera.at\/en\/author\/daniellespera\/"}]}},"_links":{"self":[{"href":"https:\/\/www.daniellespera.at\/en\/wp-json\/wp\/v2\/posts\/3330","targetHints":{"allow":["GET"]}}],"collection":[{"href":"https:\/\/www.daniellespera.at\/en\/wp-json\/wp\/v2\/posts"}],"about":[{"href":"https:\/\/www.daniellespera.at\/en\/wp-json\/wp\/v2\/types\/post"}],"author":[{"embeddable":true,"href":"https:\/\/www.daniellespera.at\/en\/wp-json\/wp\/v2\/users\/2"}],"replies":[{"embeddable":true,"href":"https:\/\/www.daniellespera.at\/en\/wp-json\/wp\/v2\/comments?post=3330"}],"version-history":[{"count":10,"href":"https:\/\/www.daniellespera.at\/en\/wp-json\/wp\/v2\/posts\/3330\/revisions"}],"predecessor-version":[{"id":3340,"href":"https:\/\/www.daniellespera.at\/en\/wp-json\/wp\/v2\/posts\/3330\/revisions\/3340"}],"wp:featuredmedia":[{"embeddable":true,"href":"https:\/\/www.daniellespera.at\/en\/wp-json\/wp\/v2\/media\/3341"}],"wp:attachment":[{"href":"https:\/\/www.daniellespera.at\/en\/wp-json\/wp\/v2\/media?parent=3330"}],"wp:term":[{"taxonomy":"category","embeddable":true,"href":"https:\/\/www.daniellespera.at\/en\/wp-json\/wp\/v2\/categories?post=3330"},{"taxonomy":"post_tag","embeddable":true,"href":"https:\/\/www.daniellespera.at\/en\/wp-json\/wp\/v2\/tags?post=3330"}],"curies":[{"name":"wp","href":"https:\/\/api.w.org\/{rel}","templated":true}]}}