{"id":3468,"date":"2026-06-18T15:03:03","date_gmt":"2026-06-18T13:03:03","guid":{"rendered":"https:\/\/www.daniellespera.at\/?p=3468"},"modified":"2026-09-04T15:17:49","modified_gmt":"2026-09-04T13:17:49","slug":"uhbp-im-leopold-museum","status":"publish","type":"post","link":"https:\/\/www.daniellespera.at\/en\/uhbp-im-leopold-museum\/","title":{"rendered":"UHBP im Leopold Museum"},"content":{"rendered":"<div data-elementor-type=\"wp-post\" data-elementor-id=\"3468\" class=\"elementor elementor-3468\">\n\t\t\t\t\t\t<section class=\"elementor-section elementor-top-section elementor-element elementor-element-1c3f2244 elementor-section-boxed elementor-section-height-default elementor-section-height-default\" data-id=\"1c3f2244\" data-element_type=\"section\" data-e-type=\"section\">\n\t\t\t\t\t\t<div class=\"elementor-container elementor-column-gap-default\">\n\t\t\t\t\t<div class=\"aux-parallax-section elementor-column elementor-col-100 elementor-top-column elementor-element elementor-element-9c4853\" data-id=\"9c4853\" data-element_type=\"column\" data-e-type=\"column\">\n\t\t\t<div class=\"elementor-widget-wrap elementor-element-populated\">\n\t\t\t\t\t\t<div class=\"elementor-element elementor-element-52ec1bb5 elementor-widget elementor-widget-text-editor\" data-id=\"52ec1bb5\" data-element_type=\"widget\" data-e-type=\"widget\" data-widget_type=\"text-editor.default\">\n\t\t\t\t<div class=\"elementor-widget-container\">\n\t\t\t\t\t\t\t\t\t\n<p class=\"wp-block-paragraph\">Bundespr\u00e4sident Alexander Van der Bellen (auch UHBP- also \u201eunser Herr Bundespr\u00e4sident\u201c) hat am 17. Juni 2026 die gro\u00dfe Retrospektive \u201eGustave Courbet. Realist und Rebell\u201c im <a href=\"https:\/\/www.leopoldmuseum.org\/de\/ausstellungen\/digitale-ausstellungen\/gustave-courbet\/de\" target=\"_blank\" rel=\"noopener\">Leopold Museum<\/a> besucht. Gemeinsam mit dem kaufm\u00e4nnischen Direktor Moritz Stipsicz nahm der gesamte Stiftungsvorstand teil, Josef Ostermayer, Saskia Leopold, Sonja Hammerschmid und ich an der F\u00fchrung teil. Bundespr\u00e4sident Van der Bellen hatte f\u00fcr die erste umfassende Einzelausstellung des franz\u00f6sischen Realisten in \u00d6sterreich den Ehrenschutz \u00fcbernommen. Die Schirmherrschaft teilte er sich mit dem franz\u00f6sischen Pr\u00e4sidenten Emmanuel Macron und dem deutschen Bundespr\u00e4sidenten Frank-Walter Steinmeier. Die Ausstellung, die 130 Werke des ber\u00fchmten Malers zeigte, hat im Leopold Museum f\u00fcr einen Besucherrekord gesorgt. Insgesamt haben 160.000 Menschen die Ausstellung besucht.<\/p>\n\t\t\t\t\t\t\t\t<\/div>\n\t\t\t\t<\/div>\n\t\t\t\t\t<\/div>\n\t\t<\/div>\n\t\t\t\t\t<\/div>\n\t\t<\/section>\n\t\t\t\t<section class=\"elementor-section elementor-top-section elementor-element elementor-element-e75f515 elementor-section-boxed elementor-section-height-default elementor-section-height-default\" data-id=\"e75f515\" data-element_type=\"section\" data-e-type=\"section\">\n\t\t\t\t\t\t<div class=\"elementor-container elementor-column-gap-default\">\n\t\t\t\t\t<div class=\"aux-parallax-section elementor-column elementor-col-100 elementor-top-column elementor-element elementor-element-cf27a7b\" data-id=\"cf27a7b\" data-element_type=\"column\" data-e-type=\"column\">\n\t\t\t<div class=\"elementor-widget-wrap elementor-element-populated\">\n\t\t\t\t\t\t<div class=\"elementor-element elementor-element-d5d7fc8 elementor-widget elementor-widget-image\" data-id=\"d5d7fc8\" data-element_type=\"widget\" data-e-type=\"widget\" data-widget_type=\"image.default\">\n\t\t\t\t<div class=\"elementor-widget-container\">\n\t\t\t\t\t\t\t\t\t\t\t\t\t\t\t<img fetchpriority=\"high\" decoding=\"async\" width=\"1024\" height=\"1024\" src=\"https:\/\/www.daniellespera.at\/wp-content\/uploads\/2026\/09\/UHBP-im-Leopold-Museum-2-scaled-e1788525690637-1024x1024.jpeg\" class=\"attachment-large size-large wp-image-3472\" alt=\"\" srcset=\"https:\/\/www.daniellespera.at\/wp-content\/uploads\/2026\/09\/UHBP-im-Leopold-Museum-2-scaled-e1788525690637-1024x1024.jpeg 1024w, https:\/\/www.daniellespera.at\/wp-content\/uploads\/2026\/09\/UHBP-im-Leopold-Museum-2-scaled-e1788525690637-300x300.jpeg 300w, https:\/\/www.daniellespera.at\/wp-content\/uploads\/2026\/09\/UHBP-im-Leopold-Museum-2-scaled-e1788525690637-150x150.jpeg 150w, https:\/\/www.daniellespera.at\/wp-content\/uploads\/2026\/09\/UHBP-im-Leopold-Museum-2-scaled-e1788525690637-768x768.jpeg 768w, https:\/\/www.daniellespera.at\/wp-content\/uploads\/2026\/09\/UHBP-im-Leopold-Museum-2-scaled-e1788525690637-11x12.jpeg 11w\" sizes=\"(max-width: 1024px) 100vw, 1024px\" \/>\t\t\t\t\t\t\t\t\t\t\t\t\t\t\t<\/div>\n\t\t\t\t<\/div>\n\t\t\t\t\t<\/div>\n\t\t<\/div>\n\t\t\t\t\t<\/div>\n\t\t<\/section>\n\t\t\t\t<section class=\"elementor-section elementor-top-section elementor-element elementor-element-863f5f9 elementor-section-boxed elementor-section-height-default elementor-section-height-default\" data-id=\"863f5f9\" data-element_type=\"section\" data-e-type=\"section\">\n\t\t\t\t\t\t<div class=\"elementor-container elementor-column-gap-default\">\n\t\t\t\t\t<div class=\"aux-parallax-section elementor-column elementor-col-100 elementor-top-column elementor-element elementor-element-71452f8\" data-id=\"71452f8\" data-element_type=\"column\" data-e-type=\"column\">\n\t\t\t<div class=\"elementor-widget-wrap elementor-element-populated\">\n\t\t\t\t\t\t<div class=\"elementor-element elementor-element-8909561 elementor-widget elementor-widget-text-editor\" data-id=\"8909561\" data-element_type=\"widget\" data-e-type=\"widget\" data-widget_type=\"text-editor.default\">\n\t\t\t\t<div class=\"elementor-widget-container\">\n\t\t\t\t\t\t\t\t\t<p><a href=\"https:\/\/www.leopoldmuseum.org\/de\/ausstellungen\/150\/gustave-courbet\">https:\/\/www.leopoldmuseum.org\/de\/ausstellungen\/150\/gustave-courbet<\/a><\/p>\t\t\t\t\t\t\t\t<\/div>\n\t\t\t\t<\/div>\n\t\t\t\t\t<\/div>\n\t\t<\/div>\n\t\t\t\t\t<\/div>\n\t\t<\/section>\n\t\t\t\t<\/div>","protected":false},"excerpt":{"rendered":"<p>Bundespr\u00e4sident Alexander Van der Bellen (auch UHBP- also \u201eunser Herr Bundespr\u00e4sident\u201c) hat am 17. Juni 2026 die gro\u00dfe Retrospektive \u201eGustave Courbet. Realist und Rebell\u201c im Leopold Museum besucht. Gemeinsam mit dem kaufm\u00e4nnischen Direktor Moritz Stipsicz nahm der gesamte Stiftungsvorstand teil, Josef Ostermayer, Saskia Leopold, Sonja Hammerschmid und ich an der F\u00fchrung teil. Bundespr\u00e4sident Van der [&hellip;]<\/p>\n","protected":false},"author":2,"featured_media":3469,"comment_status":"closed","ping_status":"closed","sticky":false,"template":"","format":"standard","meta":{"footnotes":""},"categories":[1,31,64,36],"tags":[35],"class_list":["post-3468","post","type-post","status-publish","format-standard","has-post-thumbnail","hentry","category-allgemein","category-ausstellungen","category-bildung","category-leopold-museum","tag-leopold-museum-2"],"yoast_head":"<!-- This site is optimized with the Yoast SEO plugin v28.4 - https:\/\/yoast.com\/product\/yoast-seo-wordpress\/ -->\n<title>Danielle Spera - UHBP im Leopold Museum<\/title>\n<meta name=\"robots\" content=\"index, follow, max-snippet:-1, max-image-preview:large, max-video-preview:-1\" \/>\n<link rel=\"canonical\" href=\"https:\/\/www.daniellespera.at\/en\/uhbp-im-leopold-museum\/\" \/>\n<meta property=\"og:locale\" content=\"en_US\" \/>\n<meta property=\"og:type\" content=\"article\" \/>\n<meta property=\"og:title\" content=\"Danielle Spera - UHBP im Leopold Museum\" \/>\n<meta property=\"og:description\" content=\"Bundespr\u00e4sident Alexander Van der Bellen (auch UHBP- also \u201eunser Herr Bundespr\u00e4sident\u201c) hat am 17. Juni 2026 die gro\u00dfe Retrospektive \u201eGustave Courbet. Realist und Rebell\u201c im Leopold Museum besucht. Gemeinsam mit dem kaufm\u00e4nnischen Direktor Moritz Stipsicz nahm der gesamte Stiftungsvorstand teil, Josef Ostermayer, Saskia Leopold, Sonja Hammerschmid und ich an der F\u00fchrung teil. Bundespr\u00e4sident Van der [&hellip;]\" \/>\n<meta property=\"og:url\" content=\"https:\/\/www.daniellespera.at\/en\/uhbp-im-leopold-museum\/\" \/>\n<meta property=\"og:site_name\" content=\"Danielle Spera\" \/>\n<meta property=\"article:published_time\" content=\"2026-06-18T13:03:03+00:00\" \/>\n<meta property=\"article:modified_time\" content=\"2026-09-04T13:17:49+00:00\" \/>\n<meta property=\"og:image\" content=\"https:\/\/www.daniellespera.at\/wp-content\/uploads\/2026\/09\/UHBP-im-Leopold-Museum-1-scaled.jpeg\" \/>\n\t<meta property=\"og:image:width\" content=\"2560\" \/>\n\t<meta property=\"og:image:height\" content=\"1920\" \/>\n\t<meta property=\"og:image:type\" content=\"image\/jpeg\" \/>\n<meta name=\"author\" content=\"Danielle Spera\" \/>\n<meta name=\"twitter:card\" content=\"summary_large_image\" \/>\n<meta name=\"twitter:creator\" content=\"@daniellespera\" \/>\n<meta name=\"twitter:site\" content=\"@daniellespera\" \/>\n<meta name=\"twitter:label1\" content=\"Written by\" \/>\n\t<meta name=\"twitter:data1\" content=\"Danielle Spera\" \/>\n\t<meta name=\"twitter:label2\" content=\"Est. reading time\" \/>\n\t<meta name=\"twitter:data2\" content=\"2 minutes\" \/>\n<script type=\"application\/ld+json\" class=\"yoast-schema-graph\">{\"@context\":\"https:\\\/\\\/schema.org\",\"@graph\":[{\"@type\":\"Article\",\"@id\":\"https:\\\/\\\/www.daniellespera.at\\\/uhbp-im-leopold-museum\\\/#article\",\"isPartOf\":{\"@id\":\"https:\\\/\\\/www.daniellespera.at\\\/uhbp-im-leopold-museum\\\/\"},\"author\":{\"name\":\"Danielle Spera\",\"@id\":\"https:\\\/\\\/www.daniellespera.at\\\/#\\\/schema\\\/person\\\/32fc96e7396e16ee31872bced4c27626\"},\"headline\":\"UHBP im Leopold Museum\",\"datePublished\":\"2026-06-18T13:03:03+00:00\",\"dateModified\":\"2026-09-04T13:17:49+00:00\",\"mainEntityOfPage\":{\"@id\":\"https:\\\/\\\/www.daniellespera.at\\\/uhbp-im-leopold-museum\\\/\"},\"wordCount\":131,\"publisher\":{\"@id\":\"https:\\\/\\\/www.daniellespera.at\\\/#\\\/schema\\\/person\\\/32fc96e7396e16ee31872bced4c27626\"},\"image\":{\"@id\":\"https:\\\/\\\/www.daniellespera.at\\\/uhbp-im-leopold-museum\\\/#primaryimage\"},\"thumbnailUrl\":\"https:\\\/\\\/www.daniellespera.at\\\/wp-content\\\/uploads\\\/2026\\\/09\\\/UHBP-im-Leopold-Museum-1-scaled.jpeg\",\"keywords\":[\"Leopold Museum\"],\"articleSection\":[\"Allgemein\",\"Ausstellungen\",\"Bildung\",\"Leopold Museum\"],\"inLanguage\":\"en-US\"},{\"@type\":\"WebPage\",\"@id\":\"https:\\\/\\\/www.daniellespera.at\\\/uhbp-im-leopold-museum\\\/\",\"url\":\"https:\\\/\\\/www.daniellespera.at\\\/uhbp-im-leopold-museum\\\/\",\"name\":\"Danielle Spera - UHBP im Leopold Museum\",\"isPartOf\":{\"@id\":\"https:\\\/\\\/www.daniellespera.at\\\/#website\"},\"primaryImageOfPage\":{\"@id\":\"https:\\\/\\\/www.daniellespera.at\\\/uhbp-im-leopold-museum\\\/#primaryimage\"},\"image\":{\"@id\":\"https:\\\/\\\/www.daniellespera.at\\\/uhbp-im-leopold-museum\\\/#primaryimage\"},\"thumbnailUrl\":\"https:\\\/\\\/www.daniellespera.at\\\/wp-content\\\/uploads\\\/2026\\\/09\\\/UHBP-im-Leopold-Museum-1-scaled.jpeg\",\"datePublished\":\"2026-06-18T13:03:03+00:00\",\"dateModified\":\"2026-09-04T13:17:49+00:00\",\"breadcrumb\":{\"@id\":\"https:\\\/\\\/www.daniellespera.at\\\/uhbp-im-leopold-museum\\\/#breadcrumb\"},\"inLanguage\":\"en-US\",\"potentialAction\":[{\"@type\":\"ReadAction\",\"target\":[\"https:\\\/\\\/www.daniellespera.at\\\/uhbp-im-leopold-museum\\\/\"]}]},{\"@type\":\"ImageObject\",\"inLanguage\":\"en-US\",\"@id\":\"https:\\\/\\\/www.daniellespera.at\\\/uhbp-im-leopold-museum\\\/#primaryimage\",\"url\":\"https:\\\/\\\/www.daniellespera.at\\\/wp-content\\\/uploads\\\/2026\\\/09\\\/UHBP-im-Leopold-Museum-1-scaled.jpeg\",\"contentUrl\":\"https:\\\/\\\/www.daniellespera.at\\\/wp-content\\\/uploads\\\/2026\\\/09\\\/UHBP-im-Leopold-Museum-1-scaled.jpeg\",\"width\":2560,\"height\":1920},{\"@type\":\"BreadcrumbList\",\"@id\":\"https:\\\/\\\/www.daniellespera.at\\\/uhbp-im-leopold-museum\\\/#breadcrumb\",\"itemListElement\":[{\"@type\":\"ListItem\",\"position\":1,\"name\":\"Home\",\"item\":\"https:\\\/\\\/www.daniellespera.at\\\/\"},{\"@type\":\"ListItem\",\"position\":2,\"name\":\"UHBP im Leopold Museum\"}]},{\"@type\":\"WebSite\",\"@id\":\"https:\\\/\\\/www.daniellespera.at\\\/#website\",\"url\":\"https:\\\/\\\/www.daniellespera.at\\\/\",\"name\":\"Danielle Spera\",\"description\":\"\",\"publisher\":{\"@id\":\"https:\\\/\\\/www.daniellespera.at\\\/#\\\/schema\\\/person\\\/32fc96e7396e16ee31872bced4c27626\"},\"potentialAction\":[{\"@type\":\"SearchAction\",\"target\":{\"@type\":\"EntryPoint\",\"urlTemplate\":\"https:\\\/\\\/www.daniellespera.at\\\/?s={search_term_string}\"},\"query-input\":{\"@type\":\"PropertyValueSpecification\",\"valueRequired\":true,\"valueName\":\"search_term_string\"}}],\"inLanguage\":\"en-US\"},{\"@type\":[\"Person\",\"Organization\"],\"@id\":\"https:\\\/\\\/www.daniellespera.at\\\/#\\\/schema\\\/person\\\/32fc96e7396e16ee31872bced4c27626\",\"name\":\"Danielle Spera\",\"image\":{\"@type\":\"ImageObject\",\"inLanguage\":\"en-US\",\"@id\":\"https:\\\/\\\/www.daniellespera.at\\\/wp-content\\\/uploads\\\/2023\\\/05\\\/Danielle_Spera_c_Sima-Prodinger-1-scaled.jpg\",\"url\":\"https:\\\/\\\/www.daniellespera.at\\\/wp-content\\\/uploads\\\/2023\\\/05\\\/Danielle_Spera_c_Sima-Prodinger-1-scaled.jpg\",\"contentUrl\":\"https:\\\/\\\/www.daniellespera.at\\\/wp-content\\\/uploads\\\/2023\\\/05\\\/Danielle_Spera_c_Sima-Prodinger-1-scaled.jpg\",\"width\":1707,\"height\":2560,\"caption\":\"Danielle Spera\"},\"logo\":{\"@id\":\"https:\\\/\\\/www.daniellespera.at\\\/wp-content\\\/uploads\\\/2023\\\/05\\\/Danielle_Spera_c_Sima-Prodinger-1-scaled.jpg\"},\"sameAs\":[\"https:\\\/\\\/x.com\\\/daniellespera\"],\"url\":\"https:\\\/\\\/www.daniellespera.at\\\/en\\\/author\\\/daniellespera\\\/\"}]}<\/script>\n<!-- \/ Yoast SEO plugin. -->","yoast_head_json":{"title":"Danielle Spera - UHBP im Leopold Museum","robots":{"index":"index","follow":"follow","max-snippet":"max-snippet:-1","max-image-preview":"max-image-preview:large","max-video-preview":"max-video-preview:-1"},"canonical":"https:\/\/www.daniellespera.at\/en\/uhbp-im-leopold-museum\/","og_locale":"en_US","og_type":"article","og_title":"Danielle Spera - UHBP im Leopold Museum","og_description":"Bundespr\u00e4sident Alexander Van der Bellen (auch UHBP- also \u201eunser Herr Bundespr\u00e4sident\u201c) hat am 17. Juni 2026 die gro\u00dfe Retrospektive \u201eGustave Courbet. Realist und Rebell\u201c im Leopold Museum besucht. Gemeinsam mit dem kaufm\u00e4nnischen Direktor Moritz Stipsicz nahm der gesamte Stiftungsvorstand teil, Josef Ostermayer, Saskia Leopold, Sonja Hammerschmid und ich an der F\u00fchrung teil. Bundespr\u00e4sident Van der [&hellip;]","og_url":"https:\/\/www.daniellespera.at\/en\/uhbp-im-leopold-museum\/","og_site_name":"Danielle Spera","article_published_time":"2026-06-18T13:03:03+00:00","article_modified_time":"2026-09-04T13:17:49+00:00","og_image":[{"width":2560,"height":1920,"url":"https:\/\/www.daniellespera.at\/wp-content\/uploads\/2026\/09\/UHBP-im-Leopold-Museum-1-scaled.jpeg","type":"image\/jpeg"}],"author":"Danielle Spera","twitter_card":"summary_large_image","twitter_creator":"@daniellespera","twitter_site":"@daniellespera","twitter_misc":{"Written by":"Danielle Spera","Est. reading time":"2 minutes"},"schema":{"@context":"https:\/\/schema.org","@graph":[{"@type":"Article","@id":"https:\/\/www.daniellespera.at\/uhbp-im-leopold-museum\/#article","isPartOf":{"@id":"https:\/\/www.daniellespera.at\/uhbp-im-leopold-museum\/"},"author":{"name":"Danielle Spera","@id":"https:\/\/www.daniellespera.at\/#\/schema\/person\/32fc96e7396e16ee31872bced4c27626"},"headline":"UHBP im Leopold Museum","datePublished":"2026-06-18T13:03:03+00:00","dateModified":"2026-09-04T13:17:49+00:00","mainEntityOfPage":{"@id":"https:\/\/www.daniellespera.at\/uhbp-im-leopold-museum\/"},"wordCount":131,"publisher":{"@id":"https:\/\/www.daniellespera.at\/#\/schema\/person\/32fc96e7396e16ee31872bced4c27626"},"image":{"@id":"https:\/\/www.daniellespera.at\/uhbp-im-leopold-museum\/#primaryimage"},"thumbnailUrl":"https:\/\/www.daniellespera.at\/wp-content\/uploads\/2026\/09\/UHBP-im-Leopold-Museum-1-scaled.jpeg","keywords":["Leopold Museum"],"articleSection":["Allgemein","Ausstellungen","Bildung","Leopold Museum"],"inLanguage":"en-US"},{"@type":"WebPage","@id":"https:\/\/www.daniellespera.at\/uhbp-im-leopold-museum\/","url":"https:\/\/www.daniellespera.at\/uhbp-im-leopold-museum\/","name":"Danielle Spera - UHBP im Leopold Museum","isPartOf":{"@id":"https:\/\/www.daniellespera.at\/#website"},"primaryImageOfPage":{"@id":"https:\/\/www.daniellespera.at\/uhbp-im-leopold-museum\/#primaryimage"},"image":{"@id":"https:\/\/www.daniellespera.at\/uhbp-im-leopold-museum\/#primaryimage"},"thumbnailUrl":"https:\/\/www.daniellespera.at\/wp-content\/uploads\/2026\/09\/UHBP-im-Leopold-Museum-1-scaled.jpeg","datePublished":"2026-06-18T13:03:03+00:00","dateModified":"2026-09-04T13:17:49+00:00","breadcrumb":{"@id":"https:\/\/www.daniellespera.at\/uhbp-im-leopold-museum\/#breadcrumb"},"inLanguage":"en-US","potentialAction":[{"@type":"ReadAction","target":["https:\/\/www.daniellespera.at\/uhbp-im-leopold-museum\/"]}]},{"@type":"ImageObject","inLanguage":"en-US","@id":"https:\/\/www.daniellespera.at\/uhbp-im-leopold-museum\/#primaryimage","url":"https:\/\/www.daniellespera.at\/wp-content\/uploads\/2026\/09\/UHBP-im-Leopold-Museum-1-scaled.jpeg","contentUrl":"https:\/\/www.daniellespera.at\/wp-content\/uploads\/2026\/09\/UHBP-im-Leopold-Museum-1-scaled.jpeg","width":2560,"height":1920},{"@type":"BreadcrumbList","@id":"https:\/\/www.daniellespera.at\/uhbp-im-leopold-museum\/#breadcrumb","itemListElement":[{"@type":"ListItem","position":1,"name":"Home","item":"https:\/\/www.daniellespera.at\/"},{"@type":"ListItem","position":2,"name":"UHBP im Leopold Museum"}]},{"@type":"WebSite","@id":"https:\/\/www.daniellespera.at\/#website","url":"https:\/\/www.daniellespera.at\/","name":"Danielle Spera","description":"","publisher":{"@id":"https:\/\/www.daniellespera.at\/#\/schema\/person\/32fc96e7396e16ee31872bced4c27626"},"potentialAction":[{"@type":"SearchAction","target":{"@type":"EntryPoint","urlTemplate":"https:\/\/www.daniellespera.at\/?s={search_term_string}"},"query-input":{"@type":"PropertyValueSpecification","valueRequired":true,"valueName":"search_term_string"}}],"inLanguage":"en-US"},{"@type":["Person","Organization"],"@id":"https:\/\/www.daniellespera.at\/#\/schema\/person\/32fc96e7396e16ee31872bced4c27626","name":"Danielle Spera","image":{"@type":"ImageObject","inLanguage":"en-US","@id":"https:\/\/www.daniellespera.at\/wp-content\/uploads\/2023\/05\/Danielle_Spera_c_Sima-Prodinger-1-scaled.jpg","url":"https:\/\/www.daniellespera.at\/wp-content\/uploads\/2023\/05\/Danielle_Spera_c_Sima-Prodinger-1-scaled.jpg","contentUrl":"https:\/\/www.daniellespera.at\/wp-content\/uploads\/2023\/05\/Danielle_Spera_c_Sima-Prodinger-1-scaled.jpg","width":1707,"height":2560,"caption":"Danielle Spera"},"logo":{"@id":"https:\/\/www.daniellespera.at\/wp-content\/uploads\/2023\/05\/Danielle_Spera_c_Sima-Prodinger-1-scaled.jpg"},"sameAs":["https:\/\/x.com\/daniellespera"],"url":"https:\/\/www.daniellespera.at\/en\/author\/daniellespera\/"}]}},"_links":{"self":[{"href":"https:\/\/www.daniellespera.at\/en\/wp-json\/wp\/v2\/posts\/3468","targetHints":{"allow":["GET"]}}],"collection":[{"href":"https:\/\/www.daniellespera.at\/en\/wp-json\/wp\/v2\/posts"}],"about":[{"href":"https:\/\/www.daniellespera.at\/en\/wp-json\/wp\/v2\/types\/post"}],"author":[{"embeddable":true,"href":"https:\/\/www.daniellespera.at\/en\/wp-json\/wp\/v2\/users\/2"}],"replies":[{"embeddable":true,"href":"https:\/\/www.daniellespera.at\/en\/wp-json\/wp\/v2\/comments?post=3468"}],"version-history":[{"count":2,"href":"https:\/\/www.daniellespera.at\/en\/wp-json\/wp\/v2\/posts\/3468\/revisions"}],"predecessor-version":[{"id":3473,"href":"https:\/\/www.daniellespera.at\/en\/wp-json\/wp\/v2\/posts\/3468\/revisions\/3473"}],"wp:featuredmedia":[{"embeddable":true,"href":"https:\/\/www.daniellespera.at\/en\/wp-json\/wp\/v2\/media\/3469"}],"wp:attachment":[{"href":"https:\/\/www.daniellespera.at\/en\/wp-json\/wp\/v2\/media?parent=3468"}],"wp:term":[{"taxonomy":"category","embeddable":true,"href":"https:\/\/www.daniellespera.at\/en\/wp-json\/wp\/v2\/categories?post=3468"},{"taxonomy":"post_tag","embeddable":true,"href":"https:\/\/www.daniellespera.at\/en\/wp-json\/wp\/v2\/tags?post=3468"}],"curies":[{"name":"wp","href":"https:\/\/api.w.org\/{rel}","templated":true}]}}