{"id":3477,"date":"2026-08-04T15:36:14","date_gmt":"2026-08-04T13:36:14","guid":{"rendered":"https:\/\/www.daniellespera.at\/?p=3477"},"modified":"2026-09-04T15:58:29","modified_gmt":"2026-09-04T13:58:29","slug":"wer-judisches-leben-erzahlt","status":"publish","type":"post","link":"https:\/\/www.daniellespera.at\/en\/wer-judisches-leben-erzahlt\/","title":{"rendered":"Wer j\u00fcdisches Leben erz\u00e4hlt"},"content":{"rendered":"<div data-elementor-type=\"wp-post\" data-elementor-id=\"3477\" class=\"elementor elementor-3477\">\n\t\t\t\t\t\t<section class=\"elementor-section elementor-top-section elementor-element elementor-element-fc6cfe1 elementor-section-boxed elementor-section-height-default elementor-section-height-default\" data-id=\"fc6cfe1\" data-element_type=\"section\" data-e-type=\"section\">\n\t\t\t\t\t\t<div class=\"elementor-container elementor-column-gap-default\">\n\t\t\t\t\t<div class=\"aux-parallax-section elementor-column elementor-col-100 elementor-top-column elementor-element elementor-element-34be8d6\" data-id=\"34be8d6\" data-element_type=\"column\" data-e-type=\"column\">\n\t\t\t<div class=\"elementor-widget-wrap elementor-element-populated\">\n\t\t\t\t\t\t<div class=\"elementor-element elementor-element-a6b8d04 elementor-widget elementor-widget-image\" data-id=\"a6b8d04\" data-element_type=\"widget\" data-e-type=\"widget\" data-widget_type=\"image.default\">\n\t\t\t\t<div class=\"elementor-widget-container\">\n\t\t\t\t\t\t\t\t\t\t\t\t\t\t\t<img fetchpriority=\"high\" decoding=\"async\" width=\"602\" height=\"858\" src=\"https:\/\/www.daniellespera.at\/wp-content\/uploads\/2026\/08\/NU-Sommer-2026.png\" class=\"attachment-large size-large wp-image-3480\" alt=\"\" srcset=\"https:\/\/www.daniellespera.at\/wp-content\/uploads\/2026\/08\/NU-Sommer-2026.png 602w, https:\/\/www.daniellespera.at\/wp-content\/uploads\/2026\/08\/NU-Sommer-2026-8x12.png 8w\" sizes=\"(max-width: 602px) 100vw, 602px\" \/>\t\t\t\t\t\t\t\t\t\t\t\t\t\t\t<\/div>\n\t\t\t\t<\/div>\n\t\t\t\t\t<\/div>\n\t\t<\/div>\n\t\t\t\t\t<\/div>\n\t\t<\/section>\n\t\t\t\t<section class=\"elementor-section elementor-top-section elementor-element elementor-element-9f60220 elementor-section-boxed elementor-section-height-default elementor-section-height-default\" data-id=\"9f60220\" data-element_type=\"section\" data-e-type=\"section\">\n\t\t\t\t\t\t<div class=\"elementor-container elementor-column-gap-default\">\n\t\t\t\t\t<div class=\"aux-parallax-section elementor-column elementor-col-100 elementor-top-column elementor-element elementor-element-a3e5788\" data-id=\"a3e5788\" data-element_type=\"column\" data-e-type=\"column\">\n\t\t\t<div class=\"elementor-widget-wrap elementor-element-populated\">\n\t\t\t\t\t\t<div class=\"elementor-element elementor-element-a46b656 elementor-widget elementor-widget-text-editor\" data-id=\"a46b656\" data-element_type=\"widget\" data-e-type=\"widget\" data-widget_type=\"text-editor.default\">\n\t\t\t\t<div class=\"elementor-widget-container\">\n\t\t\t\t\t\t\t\t\t<p>Wer j\u00fcdisches Leben erz\u00e4hlt<\/p>\n<p>\u00a0<\/p>\n<p>Manchmal scheint es, als w\u00fcrde die Weltgeschichte mit solcher Wucht auf uns eindringen, dass kaum Zeit bleibt, Luft zu holen. F\u00fcr einen kurzen Moment war der Eindruck entstanden, als k\u00f6nnte sich im Iran etwas Entscheidendes verschieben. Es keimte die Hoffnung, dass der milit\u00e4rische Druck von au\u00dfen, verbunden mit dem Mut vieler Iranerinnen und Iraner im Land und im Exil, das Regime in Teheran ernsthaft ersch\u00fcttern k\u00f6nnte. Doch die Vorstellung, dass die brutale Machtstruktur, die Frauen unterdr\u00fcckt, Dissidenten verfolgt, Terror exportiert und Israel seit Jahrzehnten zum Erzfeind erkl\u00e4rt, ins Wanken ger\u00e4t, verfl\u00fcchtigt sich mehr und mehr. Das Regime wirkt nicht entmachtet, sondern in manchen Bereichen beinahe wieder gefestigt. Die Revolutionsgarden, seit Langem Machtzentrum und Repressionsapparat zugleich, scheinen keineswegs verschwunden. Und Israel bleibt, was es in der Ideologie der Islamischen Republik immer war: der Feind, an dem sich die eigene Machtpolitik, die Propaganda und die Radikalisierung immer wieder neu entz\u00fcnden.<\/p>\n<p>Damit stellt sich die bittere Frage: Steht Israel am Ende wieder allein da? Lassen die USA Israel im Regen stehen, wenn sie auf diplomatische Zwischenl\u00f6sungen setzen, die zwar Zeit gewinnen, aber die eigentliche Bedrohung nicht beseitigen? F\u00fcr Israel geht es allerdings nicht darum, Zeit zu gewinnen, sondern um Existenz und \u00dcberleben, denn f\u00fcr Israel ist der Iran keine abstrakte Verhandlungsmasse, sondern eine ernste Bedrohung. Und im Iran selbst leiden die Menschen weiter unter dem Regime. Gleichzeitig zeigen Exiliranerinnen und Exiliraner \u2013 mutige Frauen, Studenten, K\u00fcnstler, Journalisten \u2013 einmal mehr, dass es einen anderen Iran gibt, der freiheitsliebend, gebildet, s\u00e4kular und widerst\u00e4ndig ist. Martin Engelberg hat dazu mit einer \u00f6sterreichischen Aktivistin, Publizistin und Forscherin iranischer Herkunft gesprochen, die eine bekannte Stimme f\u00fcr die Demokratisierung des Iran, Menschenrechte und Zivilgesellschaft darstellt.<\/p>\n<p>In Europa wird der Antisemitismus lauter, selbstverst\u00e4ndlicher und enthemmter. Er kommt von rechts, von links, aus islamistischen Milieus, aus akademischen Kreisen, aus sozialen Medien, aus der Kunst- und Kulturszene. Er tarnt sich als moralische \u00dcberlegenheit, Antikolonialismus und \u201eIsraelkritik\u201c. Was gestern noch als unertr\u00e4gliche Grenz\u00fcberschreitung gegolten h\u00e4tte, wird heute als legitime Zuspitzung entschuldigt. Begriffe werden verdreht, Geschichte wird umgeschrieben, die Shoah relativiert, Israel d\u00e4monisiert. Es sind Str\u00f6mungen, die unter dem Etikett des Fortschritts alte Ressentiments neu verpacken. Die sogenannte Woke-Bewegung, radikalpal\u00e4stinensischer Aktivismus an Kunstuniversit\u00e4ten und die Anti-Israel-Allianzen im Kulturbetrieb sind keine Randph\u00e4nomene mehr. Sie pr\u00e4gen Debatten, setzen Begriffe und definieren Zugeh\u00f6rigkeit und Ausschluss. Wer Israel zum Inbegriff des B\u00f6sen erkl\u00e4rt, hat meist nicht nur ein Problem mit israelischer Politik, sondern mit j\u00fcdischer Selbstbestimmung.<\/p>\n<p>Im Gegensatz zu all dem ist es besonders erfreulich, dass sich Israel im World Happiness Report unter den zehn gl\u00fccklichsten Staaten der Welt befindet.<\/p>\n<p><blockquote class=\"wp-embedded-content\" data-secret=\"DSSFpSMm0U\"><a href=\"https:\/\/nunu.at\/\">NU &#8211; J\u00fcdisches Magazin f\u00fcr Politik und Kultur<\/a><\/blockquote><iframe class=\"wp-embedded-content\" sandbox=\"allow-scripts\" security=\"restricted\" style=\"position: absolute; visibility: hidden;\" title=\"\u201eNU \u2013 J\u00fcdisches Magazin f\u00fcr Politik und Kultur\u201c \u2013 NU\" src=\"https:\/\/nunu.at\/embed\/#?secret=SuEpkFpqof#?secret=DSSFpSMm0U\" data-secret=\"DSSFpSMm0U\" width=\"500\" height=\"282\" frameborder=\"0\" marginwidth=\"0\" marginheight=\"0\" scrolling=\"no\"><\/iframe><\/p>\t\t\t\t\t\t\t\t<\/div>\n\t\t\t\t<\/div>\n\t\t\t\t\t<\/div>\n\t\t<\/div>\n\t\t\t\t\t<\/div>\n\t\t<\/section>\n\t\t\t\t<\/div>","protected":false},"excerpt":{"rendered":"<p>Wer j\u00fcdisches Leben erz\u00e4hlt \u00a0 Manchmal scheint es, als w\u00fcrde die Weltgeschichte mit solcher Wucht auf uns eindringen, dass kaum Zeit bleibt, Luft zu holen. F\u00fcr einen kurzen Moment war der Eindruck entstanden, als k\u00f6nnte sich im Iran etwas Entscheidendes verschieben. Es keimte die Hoffnung, dass der milit\u00e4rische Druck von au\u00dfen, verbunden mit dem Mut [&hellip;]<\/p>\n","protected":false},"author":2,"featured_media":0,"comment_status":"closed","ping_status":"closed","sticky":false,"template":"","format":"standard","meta":{"footnotes":""},"categories":[1,121,78,93],"tags":[77],"class_list":["post-3477","post","type-post","status-publish","format-standard","hentry","category-allgemein","category-israel","category-judentum","category-nu","tag-judentum"],"yoast_head":"<!-- This site is optimized with the Yoast SEO plugin v28.4 - https:\/\/yoast.com\/product\/yoast-seo-wordpress\/ -->\n<title>Danielle Spera - Wer j\u00fcdisches Leben erz\u00e4hlt<\/title>\n<meta name=\"robots\" content=\"index, follow, max-snippet:-1, max-image-preview:large, max-video-preview:-1\" \/>\n<link rel=\"canonical\" href=\"https:\/\/www.daniellespera.at\/en\/wer-judisches-leben-erzahlt\/\" \/>\n<meta property=\"og:locale\" content=\"en_US\" \/>\n<meta property=\"og:type\" content=\"article\" \/>\n<meta property=\"og:title\" content=\"Danielle Spera - Wer j\u00fcdisches Leben erz\u00e4hlt\" \/>\n<meta property=\"og:description\" content=\"Wer j\u00fcdisches Leben erz\u00e4hlt \u00a0 Manchmal scheint es, als w\u00fcrde die Weltgeschichte mit solcher Wucht auf uns eindringen, dass kaum Zeit bleibt, Luft zu holen. F\u00fcr einen kurzen Moment war der Eindruck entstanden, als k\u00f6nnte sich im Iran etwas Entscheidendes verschieben. Es keimte die Hoffnung, dass der milit\u00e4rische Druck von au\u00dfen, verbunden mit dem Mut [&hellip;]\" \/>\n<meta property=\"og:url\" content=\"https:\/\/www.daniellespera.at\/en\/wer-judisches-leben-erzahlt\/\" \/>\n<meta property=\"og:site_name\" content=\"Danielle Spera\" \/>\n<meta property=\"article:published_time\" content=\"2026-08-04T13:36:14+00:00\" \/>\n<meta property=\"article:modified_time\" content=\"2026-09-04T13:58:29+00:00\" \/>\n<meta property=\"og:image\" content=\"https:\/\/www.daniellespera.at\/wp-content\/uploads\/2026\/08\/NU-Sommer-2026.png\" \/>\n<meta name=\"author\" content=\"Danielle Spera\" \/>\n<meta name=\"twitter:card\" content=\"summary_large_image\" \/>\n<meta name=\"twitter:creator\" content=\"@daniellespera\" \/>\n<meta name=\"twitter:site\" content=\"@daniellespera\" \/>\n<meta name=\"twitter:label1\" content=\"Written by\" \/>\n\t<meta name=\"twitter:data1\" content=\"Danielle Spera\" \/>\n\t<meta name=\"twitter:label2\" content=\"Est. reading time\" \/>\n\t<meta name=\"twitter:data2\" content=\"3 minutes\" \/>\n<script type=\"application\/ld+json\" class=\"yoast-schema-graph\">{\"@context\":\"https:\\\/\\\/schema.org\",\"@graph\":[{\"@type\":\"Article\",\"@id\":\"https:\\\/\\\/www.daniellespera.at\\\/wer-judisches-leben-erzahlt\\\/#article\",\"isPartOf\":{\"@id\":\"https:\\\/\\\/www.daniellespera.at\\\/wer-judisches-leben-erzahlt\\\/\"},\"author\":{\"name\":\"Danielle Spera\",\"@id\":\"https:\\\/\\\/www.daniellespera.at\\\/#\\\/schema\\\/person\\\/32fc96e7396e16ee31872bced4c27626\"},\"headline\":\"Wer j\u00fcdisches Leben erz\u00e4hlt\",\"datePublished\":\"2026-08-04T13:36:14+00:00\",\"dateModified\":\"2026-09-04T13:58:29+00:00\",\"mainEntityOfPage\":{\"@id\":\"https:\\\/\\\/www.daniellespera.at\\\/wer-judisches-leben-erzahlt\\\/\"},\"wordCount\":470,\"publisher\":{\"@id\":\"https:\\\/\\\/www.daniellespera.at\\\/#\\\/schema\\\/person\\\/32fc96e7396e16ee31872bced4c27626\"},\"image\":{\"@id\":\"https:\\\/\\\/www.daniellespera.at\\\/wer-judisches-leben-erzahlt\\\/#primaryimage\"},\"thumbnailUrl\":\"https:\\\/\\\/www.daniellespera.at\\\/wp-content\\\/uploads\\\/2026\\\/08\\\/NU-Sommer-2026.png\",\"keywords\":[\"Judentum\"],\"articleSection\":[\"Allgemein\",\"Israel\",\"Judentum\",\"NU\"],\"inLanguage\":\"en-US\"},{\"@type\":\"WebPage\",\"@id\":\"https:\\\/\\\/www.daniellespera.at\\\/wer-judisches-leben-erzahlt\\\/\",\"url\":\"https:\\\/\\\/www.daniellespera.at\\\/wer-judisches-leben-erzahlt\\\/\",\"name\":\"Danielle Spera - Wer j\u00fcdisches Leben erz\u00e4hlt\",\"isPartOf\":{\"@id\":\"https:\\\/\\\/www.daniellespera.at\\\/#website\"},\"primaryImageOfPage\":{\"@id\":\"https:\\\/\\\/www.daniellespera.at\\\/wer-judisches-leben-erzahlt\\\/#primaryimage\"},\"image\":{\"@id\":\"https:\\\/\\\/www.daniellespera.at\\\/wer-judisches-leben-erzahlt\\\/#primaryimage\"},\"thumbnailUrl\":\"https:\\\/\\\/www.daniellespera.at\\\/wp-content\\\/uploads\\\/2026\\\/08\\\/NU-Sommer-2026.png\",\"datePublished\":\"2026-08-04T13:36:14+00:00\",\"dateModified\":\"2026-09-04T13:58:29+00:00\",\"breadcrumb\":{\"@id\":\"https:\\\/\\\/www.daniellespera.at\\\/wer-judisches-leben-erzahlt\\\/#breadcrumb\"},\"inLanguage\":\"en-US\",\"potentialAction\":[{\"@type\":\"ReadAction\",\"target\":[\"https:\\\/\\\/www.daniellespera.at\\\/wer-judisches-leben-erzahlt\\\/\"]}]},{\"@type\":\"ImageObject\",\"inLanguage\":\"en-US\",\"@id\":\"https:\\\/\\\/www.daniellespera.at\\\/wer-judisches-leben-erzahlt\\\/#primaryimage\",\"url\":\"https:\\\/\\\/www.daniellespera.at\\\/wp-content\\\/uploads\\\/2026\\\/08\\\/NU-Sommer-2026.png\",\"contentUrl\":\"https:\\\/\\\/www.daniellespera.at\\\/wp-content\\\/uploads\\\/2026\\\/08\\\/NU-Sommer-2026.png\"},{\"@type\":\"BreadcrumbList\",\"@id\":\"https:\\\/\\\/www.daniellespera.at\\\/wer-judisches-leben-erzahlt\\\/#breadcrumb\",\"itemListElement\":[{\"@type\":\"ListItem\",\"position\":1,\"name\":\"Home\",\"item\":\"https:\\\/\\\/www.daniellespera.at\\\/\"},{\"@type\":\"ListItem\",\"position\":2,\"name\":\"Wer j\u00fcdisches Leben erz\u00e4hlt\"}]},{\"@type\":\"WebSite\",\"@id\":\"https:\\\/\\\/www.daniellespera.at\\\/#website\",\"url\":\"https:\\\/\\\/www.daniellespera.at\\\/\",\"name\":\"Danielle Spera\",\"description\":\"\",\"publisher\":{\"@id\":\"https:\\\/\\\/www.daniellespera.at\\\/#\\\/schema\\\/person\\\/32fc96e7396e16ee31872bced4c27626\"},\"potentialAction\":[{\"@type\":\"SearchAction\",\"target\":{\"@type\":\"EntryPoint\",\"urlTemplate\":\"https:\\\/\\\/www.daniellespera.at\\\/?s={search_term_string}\"},\"query-input\":{\"@type\":\"PropertyValueSpecification\",\"valueRequired\":true,\"valueName\":\"search_term_string\"}}],\"inLanguage\":\"en-US\"},{\"@type\":[\"Person\",\"Organization\"],\"@id\":\"https:\\\/\\\/www.daniellespera.at\\\/#\\\/schema\\\/person\\\/32fc96e7396e16ee31872bced4c27626\",\"name\":\"Danielle Spera\",\"image\":{\"@type\":\"ImageObject\",\"inLanguage\":\"en-US\",\"@id\":\"https:\\\/\\\/www.daniellespera.at\\\/wp-content\\\/uploads\\\/2023\\\/05\\\/Danielle_Spera_c_Sima-Prodinger-1-scaled.jpg\",\"url\":\"https:\\\/\\\/www.daniellespera.at\\\/wp-content\\\/uploads\\\/2023\\\/05\\\/Danielle_Spera_c_Sima-Prodinger-1-scaled.jpg\",\"contentUrl\":\"https:\\\/\\\/www.daniellespera.at\\\/wp-content\\\/uploads\\\/2023\\\/05\\\/Danielle_Spera_c_Sima-Prodinger-1-scaled.jpg\",\"width\":1707,\"height\":2560,\"caption\":\"Danielle Spera\"},\"logo\":{\"@id\":\"https:\\\/\\\/www.daniellespera.at\\\/wp-content\\\/uploads\\\/2023\\\/05\\\/Danielle_Spera_c_Sima-Prodinger-1-scaled.jpg\"},\"sameAs\":[\"https:\\\/\\\/x.com\\\/daniellespera\"],\"url\":\"https:\\\/\\\/www.daniellespera.at\\\/en\\\/author\\\/daniellespera\\\/\"}]}<\/script>\n<!-- \/ Yoast SEO plugin. -->","yoast_head_json":{"title":"Danielle Spera - Wer j\u00fcdisches Leben erz\u00e4hlt","robots":{"index":"index","follow":"follow","max-snippet":"max-snippet:-1","max-image-preview":"max-image-preview:large","max-video-preview":"max-video-preview:-1"},"canonical":"https:\/\/www.daniellespera.at\/en\/wer-judisches-leben-erzahlt\/","og_locale":"en_US","og_type":"article","og_title":"Danielle Spera - Wer j\u00fcdisches Leben erz\u00e4hlt","og_description":"Wer j\u00fcdisches Leben erz\u00e4hlt \u00a0 Manchmal scheint es, als w\u00fcrde die Weltgeschichte mit solcher Wucht auf uns eindringen, dass kaum Zeit bleibt, Luft zu holen. F\u00fcr einen kurzen Moment war der Eindruck entstanden, als k\u00f6nnte sich im Iran etwas Entscheidendes verschieben. Es keimte die Hoffnung, dass der milit\u00e4rische Druck von au\u00dfen, verbunden mit dem Mut [&hellip;]","og_url":"https:\/\/www.daniellespera.at\/en\/wer-judisches-leben-erzahlt\/","og_site_name":"Danielle Spera","article_published_time":"2026-08-04T13:36:14+00:00","article_modified_time":"2026-09-04T13:58:29+00:00","og_image":[{"url":"https:\/\/www.daniellespera.at\/wp-content\/uploads\/2026\/08\/NU-Sommer-2026.png","type":"","width":"","height":""}],"author":"Danielle Spera","twitter_card":"summary_large_image","twitter_creator":"@daniellespera","twitter_site":"@daniellespera","twitter_misc":{"Written by":"Danielle Spera","Est. reading time":"3 minutes"},"schema":{"@context":"https:\/\/schema.org","@graph":[{"@type":"Article","@id":"https:\/\/www.daniellespera.at\/wer-judisches-leben-erzahlt\/#article","isPartOf":{"@id":"https:\/\/www.daniellespera.at\/wer-judisches-leben-erzahlt\/"},"author":{"name":"Danielle Spera","@id":"https:\/\/www.daniellespera.at\/#\/schema\/person\/32fc96e7396e16ee31872bced4c27626"},"headline":"Wer j\u00fcdisches Leben erz\u00e4hlt","datePublished":"2026-08-04T13:36:14+00:00","dateModified":"2026-09-04T13:58:29+00:00","mainEntityOfPage":{"@id":"https:\/\/www.daniellespera.at\/wer-judisches-leben-erzahlt\/"},"wordCount":470,"publisher":{"@id":"https:\/\/www.daniellespera.at\/#\/schema\/person\/32fc96e7396e16ee31872bced4c27626"},"image":{"@id":"https:\/\/www.daniellespera.at\/wer-judisches-leben-erzahlt\/#primaryimage"},"thumbnailUrl":"https:\/\/www.daniellespera.at\/wp-content\/uploads\/2026\/08\/NU-Sommer-2026.png","keywords":["Judentum"],"articleSection":["Allgemein","Israel","Judentum","NU"],"inLanguage":"en-US"},{"@type":"WebPage","@id":"https:\/\/www.daniellespera.at\/wer-judisches-leben-erzahlt\/","url":"https:\/\/www.daniellespera.at\/wer-judisches-leben-erzahlt\/","name":"Danielle Spera - Wer j\u00fcdisches Leben erz\u00e4hlt","isPartOf":{"@id":"https:\/\/www.daniellespera.at\/#website"},"primaryImageOfPage":{"@id":"https:\/\/www.daniellespera.at\/wer-judisches-leben-erzahlt\/#primaryimage"},"image":{"@id":"https:\/\/www.daniellespera.at\/wer-judisches-leben-erzahlt\/#primaryimage"},"thumbnailUrl":"https:\/\/www.daniellespera.at\/wp-content\/uploads\/2026\/08\/NU-Sommer-2026.png","datePublished":"2026-08-04T13:36:14+00:00","dateModified":"2026-09-04T13:58:29+00:00","breadcrumb":{"@id":"https:\/\/www.daniellespera.at\/wer-judisches-leben-erzahlt\/#breadcrumb"},"inLanguage":"en-US","potentialAction":[{"@type":"ReadAction","target":["https:\/\/www.daniellespera.at\/wer-judisches-leben-erzahlt\/"]}]},{"@type":"ImageObject","inLanguage":"en-US","@id":"https:\/\/www.daniellespera.at\/wer-judisches-leben-erzahlt\/#primaryimage","url":"https:\/\/www.daniellespera.at\/wp-content\/uploads\/2026\/08\/NU-Sommer-2026.png","contentUrl":"https:\/\/www.daniellespera.at\/wp-content\/uploads\/2026\/08\/NU-Sommer-2026.png"},{"@type":"BreadcrumbList","@id":"https:\/\/www.daniellespera.at\/wer-judisches-leben-erzahlt\/#breadcrumb","itemListElement":[{"@type":"ListItem","position":1,"name":"Home","item":"https:\/\/www.daniellespera.at\/"},{"@type":"ListItem","position":2,"name":"Wer j\u00fcdisches Leben erz\u00e4hlt"}]},{"@type":"WebSite","@id":"https:\/\/www.daniellespera.at\/#website","url":"https:\/\/www.daniellespera.at\/","name":"Danielle Spera","description":"","publisher":{"@id":"https:\/\/www.daniellespera.at\/#\/schema\/person\/32fc96e7396e16ee31872bced4c27626"},"potentialAction":[{"@type":"SearchAction","target":{"@type":"EntryPoint","urlTemplate":"https:\/\/www.daniellespera.at\/?s={search_term_string}"},"query-input":{"@type":"PropertyValueSpecification","valueRequired":true,"valueName":"search_term_string"}}],"inLanguage":"en-US"},{"@type":["Person","Organization"],"@id":"https:\/\/www.daniellespera.at\/#\/schema\/person\/32fc96e7396e16ee31872bced4c27626","name":"Danielle Spera","image":{"@type":"ImageObject","inLanguage":"en-US","@id":"https:\/\/www.daniellespera.at\/wp-content\/uploads\/2023\/05\/Danielle_Spera_c_Sima-Prodinger-1-scaled.jpg","url":"https:\/\/www.daniellespera.at\/wp-content\/uploads\/2023\/05\/Danielle_Spera_c_Sima-Prodinger-1-scaled.jpg","contentUrl":"https:\/\/www.daniellespera.at\/wp-content\/uploads\/2023\/05\/Danielle_Spera_c_Sima-Prodinger-1-scaled.jpg","width":1707,"height":2560,"caption":"Danielle Spera"},"logo":{"@id":"https:\/\/www.daniellespera.at\/wp-content\/uploads\/2023\/05\/Danielle_Spera_c_Sima-Prodinger-1-scaled.jpg"},"sameAs":["https:\/\/x.com\/daniellespera"],"url":"https:\/\/www.daniellespera.at\/en\/author\/daniellespera\/"}]}},"_links":{"self":[{"href":"https:\/\/www.daniellespera.at\/en\/wp-json\/wp\/v2\/posts\/3477","targetHints":{"allow":["GET"]}}],"collection":[{"href":"https:\/\/www.daniellespera.at\/en\/wp-json\/wp\/v2\/posts"}],"about":[{"href":"https:\/\/www.daniellespera.at\/en\/wp-json\/wp\/v2\/types\/post"}],"author":[{"embeddable":true,"href":"https:\/\/www.daniellespera.at\/en\/wp-json\/wp\/v2\/users\/2"}],"replies":[{"embeddable":true,"href":"https:\/\/www.daniellespera.at\/en\/wp-json\/wp\/v2\/comments?post=3477"}],"version-history":[{"count":10,"href":"https:\/\/www.daniellespera.at\/en\/wp-json\/wp\/v2\/posts\/3477\/revisions"}],"predecessor-version":[{"id":3491,"href":"https:\/\/www.daniellespera.at\/en\/wp-json\/wp\/v2\/posts\/3477\/revisions\/3491"}],"wp:attachment":[{"href":"https:\/\/www.daniellespera.at\/en\/wp-json\/wp\/v2\/media?parent=3477"}],"wp:term":[{"taxonomy":"category","embeddable":true,"href":"https:\/\/www.daniellespera.at\/en\/wp-json\/wp\/v2\/categories?post=3477"},{"taxonomy":"post_tag","embeddable":true,"href":"https:\/\/www.daniellespera.at\/en\/wp-json\/wp\/v2\/tags?post=3477"}],"curies":[{"name":"wp","href":"https:\/\/api.w.org\/{rel}","templated":true}]}}