{"id":3492,"date":"2026-04-03T16:02:52","date_gmt":"2026-04-03T14:02:52","guid":{"rendered":"https:\/\/www.daniellespera.at\/?p=3492"},"modified":"2026-09-04T16:06:45","modified_gmt":"2026-09-04T14:06:45","slug":"good-news-for-the-jews","status":"publish","type":"post","link":"https:\/\/www.daniellespera.at\/en\/good-news-for-the-jews\/","title":{"rendered":"Good News for the Jews"},"content":{"rendered":"<div data-elementor-type=\"wp-post\" data-elementor-id=\"3492\" class=\"elementor elementor-3492\">\n\t\t\t\t\t\t<section class=\"elementor-section elementor-top-section elementor-element elementor-element-7251e5a8 elementor-section-boxed elementor-section-height-default elementor-section-height-default\" data-id=\"7251e5a8\" data-element_type=\"section\" data-e-type=\"section\">\n\t\t\t\t\t\t<div class=\"elementor-container elementor-column-gap-default\">\n\t\t\t\t\t<div class=\"aux-parallax-section elementor-column elementor-col-100 elementor-top-column elementor-element elementor-element-7aa0a591\" data-id=\"7aa0a591\" data-element_type=\"column\" data-e-type=\"column\">\n\t\t\t<div class=\"elementor-widget-wrap elementor-element-populated\">\n\t\t\t\t\t\t<div class=\"elementor-element elementor-element-54023ed7 elementor-widget elementor-widget-text-editor\" data-id=\"54023ed7\" data-element_type=\"widget\" data-e-type=\"widget\" data-widget_type=\"text-editor.default\">\n\t\t\t\t<div class=\"elementor-widget-container\">\n\t\t\t\t\t\t\t\t\t<p><\/p>\n<figure class=\"wp-block-image size-full\"><img fetchpriority=\"high\" decoding=\"async\" width=\"599\" height=\"857\" class=\"wp-image-3493\" src=\"https:\/\/www.daniellespera.at\/wp-content\/uploads\/2026\/09\/NU-Pessach-2026-1.png\" alt=\"\" srcset=\"https:\/\/www.daniellespera.at\/wp-content\/uploads\/2026\/09\/NU-Pessach-2026-1.png 599w, https:\/\/www.daniellespera.at\/wp-content\/uploads\/2026\/09\/NU-Pessach-2026-1-8x12.png 8w\" sizes=\"(max-width: 599px) 100vw, 599px\" \/><\/figure>\n<p><\/p>\n<p class=\"wp-block-paragraph\">Zur Aufmunterung: <em>Good News for the Jews<\/em>&#8211; mein Editorial in NU 103<\/p>\n<p><\/p>\n<p class=\"wp-block-paragraph\">F\u00fcr ein viertelj\u00e4hrlich erscheinendes Magazin ist es eine gro\u00dfe Herausforderung auf aktuelle Themen zu reagieren. Als ich diese Zeilen schreibe, ist der Krieg zwischen den USA und Israel gegen den Iran in vollem Gang. Der Iran ist milit\u00e4risch und innerhalb der obersten geistlichen F\u00fchrung deutlich geschw\u00e4cht, greift dennoch weiterhin Israel und die Golfstaaten an. In Israel sind 13 Menschen durch iranische Raketen get\u00f6tet worden. Unterdessen w\u00e4chst in Europa die Kritik an Israel und den USA, gleichzeitig werden Synagogen in den USA, in Kanada oder auch j\u00fcdische Einrichtungen in Europa Ziele von Anschl\u00e4gen, unter anderen auf eine j\u00fcdische Schule in Amsterdam. Zumindest bei den Attacken in Europa sind die Drahtzieher schiitische Organisationen, die direkt mit dem Iran verbunden sind. In den Medien findet diese beunruhigende Dynamik gegen J\u00fcdinnen und Juden wenig Niederschlag. Die \u00d6ffentlichkeit reagiert h\u00e4ufig mit Relativierung oder sogar Verst\u00e4ndnis.<\/p>\n<p><\/p>\n<p class=\"wp-block-paragraph\">Nach dem 7. Oktober 2023 sind wir ersch\u00f6pft von den vielen negativen Nachrichten, die Israel und die j\u00fcdische Welt \u00fcberschwemmen. In der NU-Redaktion haben daher beschlossen, dass wir das Dossier dieser Ausgabe guten Nachrichten widmen. <em>Good News for the Jews<\/em> also finden Sie in diesem Heft. Wir haben uns bem\u00fcht, einen \u00dcberblick \u00fcber kleine und gro\u00dfe Zeichen daf\u00fcr mit Ihnen zu teilen. Im Gegensatz zu der oft negativen Berichterstattung in vielen Medien sollen unsere guten Nachrichten uns Hoffnung geben.<\/p>\n<p><\/p>\n<p class=\"wp-block-paragraph\">J\u00fcdisches Leben \u2013 vor allem in \u00d6sterreich &#8211; bleibt trotz aller Herausforderungen sichtbar, aktiv, relevant und lebendig. Wir r\u00fccken die kulturellen, sozialen, wirtschaftlichen und gesellschaftlichen Errungenschaften in den Fokus und geben Ihnen neben dem gro\u00dfen Bogen, was positive Nachrichten anlangt, einen \u00dcberblick \u00fcber 18 gute Kurzberichte aus Israel und der j\u00fcdischen Welt. Hedi Schneid hat sich die israelische Wirtschaftslage im Detail angesehen, die Krieg und Konflikten trotzt. Wie sich junge j\u00fcdische Gemeinden in den USA trotz aller Widrigkeiten entwickeln, berichtet Rachel Engelberg, ob auch aus Hollywood good news kommen, erfahren Sie von Gaby Flossmann. Gerhard Jelinek besch\u00e4ftigt sich mit Wieder\u00f6sterreichern (Otmar Lahodynsky stellt einen solchen vor) und dem ESC. Debbie Engelberg hat sich angesehen, ob die KI ein Vorurteil gegen Israel hat und wie man damit umgehen kann. Sie schreibt \u00fcbrigens auch dar\u00fcber, wie es ihr in New York unter B\u00fcrgermeister Mamdani so geht. Die langj\u00e4hrige NU-Chefredakteurin Andrea Schurian betrachtet die SP\u00d6 aus unserer Perspektive und stellt die neue Leiterin des J\u00fcdischen Museums Hohenems vor, Rainer Nowak hat die neue Direktorin des Horten Museums interviewt. Kathi Stourzh pr\u00e4sentiert ein neues Forschungsprojekt der BIG und Mark Napadenski war mit Clara von Nathusius unterwegs. Wir sind dankbar f\u00fcr den Beitrag von Richard C. Schneider \u00fcber den Iran. Der Unternehmer Stephan Z\u00f6chling berichtet \u00fcber seine Eindr\u00fccke von einer aktuellen Israel Reise. Wie geht es weiter in der Kultusgemeinde? Das erfahren Sie von Rene Wachtel, der auch \u00fcber die R\u00fcstungsgesch\u00e4fte zwischen Deutschland und Israel berichtet. Thomas Trenkler hat sich den Krimi um ein Portr\u00e4t von Sigmund Freud angesehen. In der vergangenen Nummer haben wir bei den Autorenportr\u00e4ts den wunderbaren Georg Gaugusch unterschlagen, daf\u00fcr entschuldige ich mich, wir holen das diesmal nach. Martin Engelberg setzt sich in einem Kommentar mit dem Ph\u00e4nomen auseinander, dass die vielen Millionen, wenn nicht gar Milliarden Euro, die im Kampf gegen Antisemitismus eingesetzt werden, nur wenige Fr\u00fcchte tragen, wenn \u00fcberhaupt. Nathan Spasic und Mark Napadenski plaudern im Vorletzten Wort \u00fcber die Verr\u00fccktheiten von Boykott-Debatten.<\/p>\n<p><\/p>\n<p class=\"wp-block-paragraph\">Aber zur\u00fcck zum Thema good news: Der unerm\u00fcdliche Fabian Gaida hat gemeinsam mit Rachel Engelberg ein neues Format f\u00fcr Social Media entworfen. NU in 18 Sekunden mit news aus der J\u00fcdischen Welt. Frei nach Karl Farkas: Schaun Sie sich das an.<\/p>\n<p><\/p>\n<p class=\"wp-block-paragraph\">In diesem Sinn m\u00f6chte ich mich bei Allen, die zum Zustandekommen dieser Ausgabe beigetragen haben, ganz herzlich bedanken. Last but not least schreibt Fritz Rubin-Bittmann \u00fcber Pessach im Lauf der Jahrhunderte. Daher w\u00fcnsche ich Ihnen an dieser Stelle Pessach Kasher ve Sameach, fr\u00f6hliche und koschere Pessachfeiertage und selbstverst\u00e4ndlich auch frohe Ostern!<\/p>\n<p><blockquote class=\"wp-embedded-content\" data-secret=\"4Nbn1N1tps\"><a href=\"https:\/\/nunu.at\/\">NU &#8211; J\u00fcdisches Magazin f\u00fcr Politik und Kultur<\/a><\/blockquote><iframe class=\"wp-embedded-content\" sandbox=\"allow-scripts\" security=\"restricted\" style=\"position: absolute; visibility: hidden;\" title=\"\u201eNU \u2013 J\u00fcdisches Magazin f\u00fcr Politik und Kultur\u201c \u2013 NU\" src=\"https:\/\/nunu.at\/embed\/#?secret=cjl7lSzJBH#?secret=4Nbn1N1tps\" data-secret=\"4Nbn1N1tps\" width=\"500\" height=\"282\" frameborder=\"0\" marginwidth=\"0\" marginheight=\"0\" scrolling=\"no\"><\/iframe><\/p>\n<p><\/p>\n<p class=\"wp-block-paragraph\"><\/p>\t\t\t\t\t\t\t\t<\/div>\n\t\t\t\t<\/div>\n\t\t\t\t\t<\/div>\n\t\t<\/div>\n\t\t\t\t\t<\/div>\n\t\t<\/section>\n\t\t\t\t<\/div>","protected":false},"excerpt":{"rendered":"<p>Zur Aufmunterung: Good News for the Jews&#8211; mein Editorial in NU 103 F\u00fcr ein viertelj\u00e4hrlich erscheinendes Magazin ist es eine gro\u00dfe Herausforderung auf aktuelle Themen zu reagieren. Als ich diese Zeilen schreibe, ist der Krieg zwischen den USA und Israel gegen den Iran in vollem Gang. Der Iran ist milit\u00e4risch und innerhalb der obersten geistlichen [&hellip;]<\/p>\n","protected":false},"author":2,"featured_media":0,"comment_status":"closed","ping_status":"closed","sticky":false,"template":"","format":"standard","meta":{"footnotes":""},"categories":[1,64,150,121,78,93],"tags":[77],"class_list":["post-3492","post","type-post","status-publish","format-standard","hentry","category-allgemein","category-bildung","category-dialog","category-israel","category-judentum","category-nu","tag-judentum"],"yoast_head":"<!-- This site is optimized with the Yoast SEO plugin v28.4 - https:\/\/yoast.com\/product\/yoast-seo-wordpress\/ -->\n<title>Danielle Spera - Good News for the Jews<\/title>\n<meta name=\"robots\" content=\"index, follow, max-snippet:-1, max-image-preview:large, max-video-preview:-1\" \/>\n<link rel=\"canonical\" href=\"https:\/\/www.daniellespera.at\/en\/good-news-for-the-jews\/\" \/>\n<meta property=\"og:locale\" content=\"en_US\" \/>\n<meta property=\"og:type\" content=\"article\" \/>\n<meta property=\"og:title\" content=\"Danielle Spera - Good News for the Jews\" \/>\n<meta property=\"og:description\" content=\"Zur Aufmunterung: Good News for the Jews&#8211; mein Editorial in NU 103 F\u00fcr ein viertelj\u00e4hrlich erscheinendes Magazin ist es eine gro\u00dfe Herausforderung auf aktuelle Themen zu reagieren. Als ich diese Zeilen schreibe, ist der Krieg zwischen den USA und Israel gegen den Iran in vollem Gang. Der Iran ist milit\u00e4risch und innerhalb der obersten geistlichen [&hellip;]\" \/>\n<meta property=\"og:url\" content=\"https:\/\/www.daniellespera.at\/en\/good-news-for-the-jews\/\" \/>\n<meta property=\"og:site_name\" content=\"Danielle Spera\" \/>\n<meta property=\"article:published_time\" content=\"2026-04-03T14:02:52+00:00\" \/>\n<meta property=\"article:modified_time\" content=\"2026-09-04T14:06:45+00:00\" \/>\n<meta property=\"og:image\" content=\"https:\/\/www.daniellespera.at\/wp-content\/uploads\/2026\/09\/NU-Pessach-2026-1.png\" \/>\n\t<meta property=\"og:image:width\" content=\"599\" \/>\n\t<meta property=\"og:image:height\" content=\"857\" \/>\n\t<meta property=\"og:image:type\" content=\"image\/png\" \/>\n<meta name=\"author\" content=\"Danielle Spera\" \/>\n<meta name=\"twitter:card\" content=\"summary_large_image\" \/>\n<meta name=\"twitter:creator\" content=\"@daniellespera\" \/>\n<meta name=\"twitter:site\" content=\"@daniellespera\" \/>\n<meta name=\"twitter:label1\" content=\"Written by\" \/>\n\t<meta name=\"twitter:data1\" content=\"Danielle Spera\" \/>\n\t<meta name=\"twitter:label2\" content=\"Est. reading time\" \/>\n\t<meta name=\"twitter:data2\" content=\"4 minutes\" \/>\n<script type=\"application\/ld+json\" class=\"yoast-schema-graph\">{\"@context\":\"https:\\\/\\\/schema.org\",\"@graph\":[{\"@type\":\"Article\",\"@id\":\"https:\\\/\\\/www.daniellespera.at\\\/good-news-for-the-jews\\\/#article\",\"isPartOf\":{\"@id\":\"https:\\\/\\\/www.daniellespera.at\\\/good-news-for-the-jews\\\/\"},\"author\":{\"name\":\"Danielle Spera\",\"@id\":\"https:\\\/\\\/www.daniellespera.at\\\/#\\\/schema\\\/person\\\/32fc96e7396e16ee31872bced4c27626\"},\"headline\":\"Good News for the Jews\",\"datePublished\":\"2026-04-03T14:02:52+00:00\",\"dateModified\":\"2026-09-04T14:06:45+00:00\",\"mainEntityOfPage\":{\"@id\":\"https:\\\/\\\/www.daniellespera.at\\\/good-news-for-the-jews\\\/\"},\"wordCount\":698,\"publisher\":{\"@id\":\"https:\\\/\\\/www.daniellespera.at\\\/#\\\/schema\\\/person\\\/32fc96e7396e16ee31872bced4c27626\"},\"image\":{\"@id\":\"https:\\\/\\\/www.daniellespera.at\\\/good-news-for-the-jews\\\/#primaryimage\"},\"thumbnailUrl\":\"https:\\\/\\\/www.daniellespera.at\\\/wp-content\\\/uploads\\\/2026\\\/09\\\/NU-Pessach-2026-1.png\",\"keywords\":[\"Judentum\"],\"articleSection\":[\"Allgemein\",\"Bildung\",\"Dialog\",\"Israel\",\"Judentum\",\"NU\"],\"inLanguage\":\"en-US\"},{\"@type\":\"WebPage\",\"@id\":\"https:\\\/\\\/www.daniellespera.at\\\/good-news-for-the-jews\\\/\",\"url\":\"https:\\\/\\\/www.daniellespera.at\\\/good-news-for-the-jews\\\/\",\"name\":\"Danielle Spera - Good News for the Jews\",\"isPartOf\":{\"@id\":\"https:\\\/\\\/www.daniellespera.at\\\/#website\"},\"primaryImageOfPage\":{\"@id\":\"https:\\\/\\\/www.daniellespera.at\\\/good-news-for-the-jews\\\/#primaryimage\"},\"image\":{\"@id\":\"https:\\\/\\\/www.daniellespera.at\\\/good-news-for-the-jews\\\/#primaryimage\"},\"thumbnailUrl\":\"https:\\\/\\\/www.daniellespera.at\\\/wp-content\\\/uploads\\\/2026\\\/09\\\/NU-Pessach-2026-1.png\",\"datePublished\":\"2026-04-03T14:02:52+00:00\",\"dateModified\":\"2026-09-04T14:06:45+00:00\",\"breadcrumb\":{\"@id\":\"https:\\\/\\\/www.daniellespera.at\\\/good-news-for-the-jews\\\/#breadcrumb\"},\"inLanguage\":\"en-US\",\"potentialAction\":[{\"@type\":\"ReadAction\",\"target\":[\"https:\\\/\\\/www.daniellespera.at\\\/good-news-for-the-jews\\\/\"]}]},{\"@type\":\"ImageObject\",\"inLanguage\":\"en-US\",\"@id\":\"https:\\\/\\\/www.daniellespera.at\\\/good-news-for-the-jews\\\/#primaryimage\",\"url\":\"https:\\\/\\\/www.daniellespera.at\\\/wp-content\\\/uploads\\\/2026\\\/09\\\/NU-Pessach-2026-1.png\",\"contentUrl\":\"https:\\\/\\\/www.daniellespera.at\\\/wp-content\\\/uploads\\\/2026\\\/09\\\/NU-Pessach-2026-1.png\"},{\"@type\":\"BreadcrumbList\",\"@id\":\"https:\\\/\\\/www.daniellespera.at\\\/good-news-for-the-jews\\\/#breadcrumb\",\"itemListElement\":[{\"@type\":\"ListItem\",\"position\":1,\"name\":\"Home\",\"item\":\"https:\\\/\\\/www.daniellespera.at\\\/\"},{\"@type\":\"ListItem\",\"position\":2,\"name\":\"Good News for the Jews\"}]},{\"@type\":\"WebSite\",\"@id\":\"https:\\\/\\\/www.daniellespera.at\\\/#website\",\"url\":\"https:\\\/\\\/www.daniellespera.at\\\/\",\"name\":\"Danielle Spera\",\"description\":\"\",\"publisher\":{\"@id\":\"https:\\\/\\\/www.daniellespera.at\\\/#\\\/schema\\\/person\\\/32fc96e7396e16ee31872bced4c27626\"},\"potentialAction\":[{\"@type\":\"SearchAction\",\"target\":{\"@type\":\"EntryPoint\",\"urlTemplate\":\"https:\\\/\\\/www.daniellespera.at\\\/?s={search_term_string}\"},\"query-input\":{\"@type\":\"PropertyValueSpecification\",\"valueRequired\":true,\"valueName\":\"search_term_string\"}}],\"inLanguage\":\"en-US\"},{\"@type\":[\"Person\",\"Organization\"],\"@id\":\"https:\\\/\\\/www.daniellespera.at\\\/#\\\/schema\\\/person\\\/32fc96e7396e16ee31872bced4c27626\",\"name\":\"Danielle Spera\",\"image\":{\"@type\":\"ImageObject\",\"inLanguage\":\"en-US\",\"@id\":\"https:\\\/\\\/www.daniellespera.at\\\/wp-content\\\/uploads\\\/2023\\\/05\\\/Danielle_Spera_c_Sima-Prodinger-1-scaled.jpg\",\"url\":\"https:\\\/\\\/www.daniellespera.at\\\/wp-content\\\/uploads\\\/2023\\\/05\\\/Danielle_Spera_c_Sima-Prodinger-1-scaled.jpg\",\"contentUrl\":\"https:\\\/\\\/www.daniellespera.at\\\/wp-content\\\/uploads\\\/2023\\\/05\\\/Danielle_Spera_c_Sima-Prodinger-1-scaled.jpg\",\"width\":1707,\"height\":2560,\"caption\":\"Danielle Spera\"},\"logo\":{\"@id\":\"https:\\\/\\\/www.daniellespera.at\\\/wp-content\\\/uploads\\\/2023\\\/05\\\/Danielle_Spera_c_Sima-Prodinger-1-scaled.jpg\"},\"sameAs\":[\"https:\\\/\\\/x.com\\\/daniellespera\"],\"url\":\"https:\\\/\\\/www.daniellespera.at\\\/en\\\/author\\\/daniellespera\\\/\"}]}<\/script>\n<!-- \/ Yoast SEO plugin. -->","yoast_head_json":{"title":"Danielle Spera - Good News for the Jews","robots":{"index":"index","follow":"follow","max-snippet":"max-snippet:-1","max-image-preview":"max-image-preview:large","max-video-preview":"max-video-preview:-1"},"canonical":"https:\/\/www.daniellespera.at\/en\/good-news-for-the-jews\/","og_locale":"en_US","og_type":"article","og_title":"Danielle Spera - Good News for the Jews","og_description":"Zur Aufmunterung: Good News for the Jews&#8211; mein Editorial in NU 103 F\u00fcr ein viertelj\u00e4hrlich erscheinendes Magazin ist es eine gro\u00dfe Herausforderung auf aktuelle Themen zu reagieren. Als ich diese Zeilen schreibe, ist der Krieg zwischen den USA und Israel gegen den Iran in vollem Gang. Der Iran ist milit\u00e4risch und innerhalb der obersten geistlichen [&hellip;]","og_url":"https:\/\/www.daniellespera.at\/en\/good-news-for-the-jews\/","og_site_name":"Danielle Spera","article_published_time":"2026-04-03T14:02:52+00:00","article_modified_time":"2026-09-04T14:06:45+00:00","og_image":[{"width":599,"height":857,"url":"https:\/\/www.daniellespera.at\/wp-content\/uploads\/2026\/09\/NU-Pessach-2026-1.png","type":"image\/png"}],"author":"Danielle Spera","twitter_card":"summary_large_image","twitter_creator":"@daniellespera","twitter_site":"@daniellespera","twitter_misc":{"Written by":"Danielle Spera","Est. reading time":"4 minutes"},"schema":{"@context":"https:\/\/schema.org","@graph":[{"@type":"Article","@id":"https:\/\/www.daniellespera.at\/good-news-for-the-jews\/#article","isPartOf":{"@id":"https:\/\/www.daniellespera.at\/good-news-for-the-jews\/"},"author":{"name":"Danielle Spera","@id":"https:\/\/www.daniellespera.at\/#\/schema\/person\/32fc96e7396e16ee31872bced4c27626"},"headline":"Good News for the Jews","datePublished":"2026-04-03T14:02:52+00:00","dateModified":"2026-09-04T14:06:45+00:00","mainEntityOfPage":{"@id":"https:\/\/www.daniellespera.at\/good-news-for-the-jews\/"},"wordCount":698,"publisher":{"@id":"https:\/\/www.daniellespera.at\/#\/schema\/person\/32fc96e7396e16ee31872bced4c27626"},"image":{"@id":"https:\/\/www.daniellespera.at\/good-news-for-the-jews\/#primaryimage"},"thumbnailUrl":"https:\/\/www.daniellespera.at\/wp-content\/uploads\/2026\/09\/NU-Pessach-2026-1.png","keywords":["Judentum"],"articleSection":["Allgemein","Bildung","Dialog","Israel","Judentum","NU"],"inLanguage":"en-US"},{"@type":"WebPage","@id":"https:\/\/www.daniellespera.at\/good-news-for-the-jews\/","url":"https:\/\/www.daniellespera.at\/good-news-for-the-jews\/","name":"Danielle Spera - Good News for the Jews","isPartOf":{"@id":"https:\/\/www.daniellespera.at\/#website"},"primaryImageOfPage":{"@id":"https:\/\/www.daniellespera.at\/good-news-for-the-jews\/#primaryimage"},"image":{"@id":"https:\/\/www.daniellespera.at\/good-news-for-the-jews\/#primaryimage"},"thumbnailUrl":"https:\/\/www.daniellespera.at\/wp-content\/uploads\/2026\/09\/NU-Pessach-2026-1.png","datePublished":"2026-04-03T14:02:52+00:00","dateModified":"2026-09-04T14:06:45+00:00","breadcrumb":{"@id":"https:\/\/www.daniellespera.at\/good-news-for-the-jews\/#breadcrumb"},"inLanguage":"en-US","potentialAction":[{"@type":"ReadAction","target":["https:\/\/www.daniellespera.at\/good-news-for-the-jews\/"]}]},{"@type":"ImageObject","inLanguage":"en-US","@id":"https:\/\/www.daniellespera.at\/good-news-for-the-jews\/#primaryimage","url":"https:\/\/www.daniellespera.at\/wp-content\/uploads\/2026\/09\/NU-Pessach-2026-1.png","contentUrl":"https:\/\/www.daniellespera.at\/wp-content\/uploads\/2026\/09\/NU-Pessach-2026-1.png"},{"@type":"BreadcrumbList","@id":"https:\/\/www.daniellespera.at\/good-news-for-the-jews\/#breadcrumb","itemListElement":[{"@type":"ListItem","position":1,"name":"Home","item":"https:\/\/www.daniellespera.at\/"},{"@type":"ListItem","position":2,"name":"Good News for the Jews"}]},{"@type":"WebSite","@id":"https:\/\/www.daniellespera.at\/#website","url":"https:\/\/www.daniellespera.at\/","name":"Danielle Spera","description":"","publisher":{"@id":"https:\/\/www.daniellespera.at\/#\/schema\/person\/32fc96e7396e16ee31872bced4c27626"},"potentialAction":[{"@type":"SearchAction","target":{"@type":"EntryPoint","urlTemplate":"https:\/\/www.daniellespera.at\/?s={search_term_string}"},"query-input":{"@type":"PropertyValueSpecification","valueRequired":true,"valueName":"search_term_string"}}],"inLanguage":"en-US"},{"@type":["Person","Organization"],"@id":"https:\/\/www.daniellespera.at\/#\/schema\/person\/32fc96e7396e16ee31872bced4c27626","name":"Danielle Spera","image":{"@type":"ImageObject","inLanguage":"en-US","@id":"https:\/\/www.daniellespera.at\/wp-content\/uploads\/2023\/05\/Danielle_Spera_c_Sima-Prodinger-1-scaled.jpg","url":"https:\/\/www.daniellespera.at\/wp-content\/uploads\/2023\/05\/Danielle_Spera_c_Sima-Prodinger-1-scaled.jpg","contentUrl":"https:\/\/www.daniellespera.at\/wp-content\/uploads\/2023\/05\/Danielle_Spera_c_Sima-Prodinger-1-scaled.jpg","width":1707,"height":2560,"caption":"Danielle Spera"},"logo":{"@id":"https:\/\/www.daniellespera.at\/wp-content\/uploads\/2023\/05\/Danielle_Spera_c_Sima-Prodinger-1-scaled.jpg"},"sameAs":["https:\/\/x.com\/daniellespera"],"url":"https:\/\/www.daniellespera.at\/en\/author\/daniellespera\/"}]}},"_links":{"self":[{"href":"https:\/\/www.daniellespera.at\/en\/wp-json\/wp\/v2\/posts\/3492","targetHints":{"allow":["GET"]}}],"collection":[{"href":"https:\/\/www.daniellespera.at\/en\/wp-json\/wp\/v2\/posts"}],"about":[{"href":"https:\/\/www.daniellespera.at\/en\/wp-json\/wp\/v2\/types\/post"}],"author":[{"embeddable":true,"href":"https:\/\/www.daniellespera.at\/en\/wp-json\/wp\/v2\/users\/2"}],"replies":[{"embeddable":true,"href":"https:\/\/www.daniellespera.at\/en\/wp-json\/wp\/v2\/comments?post=3492"}],"version-history":[{"count":5,"href":"https:\/\/www.daniellespera.at\/en\/wp-json\/wp\/v2\/posts\/3492\/revisions"}],"predecessor-version":[{"id":3503,"href":"https:\/\/www.daniellespera.at\/en\/wp-json\/wp\/v2\/posts\/3492\/revisions\/3503"}],"wp:attachment":[{"href":"https:\/\/www.daniellespera.at\/en\/wp-json\/wp\/v2\/media?parent=3492"}],"wp:term":[{"taxonomy":"category","embeddable":true,"href":"https:\/\/www.daniellespera.at\/en\/wp-json\/wp\/v2\/categories?post=3492"},{"taxonomy":"post_tag","embeddable":true,"href":"https:\/\/www.daniellespera.at\/en\/wp-json\/wp\/v2\/tags?post=3492"}],"curies":[{"name":"wp","href":"https:\/\/api.w.org\/{rel}","templated":true}]}}